{"id":6474,"date":"2019-10-22T14:36:30","date_gmt":"2019-10-22T12:36:30","guid":{"rendered":"http:\/\/agora.xtec.cat\/escolalavilapalamos\/?p=6474"},"modified":"2019-10-30T14:42:55","modified_gmt":"2019-10-30T13:42:55","slug":"mediterraniament","status":"publish","type":"post","link":"https:\/\/agora.xtec.cat\/escolalavilapalamos\/general\/mediterraniament\/","title":{"rendered":"Mediterr\u00e0niament"},"content":{"rendered":"<p><img loading=\"lazy\" decoding=\"async\" class=\"alignleft\" src=\"https:\/\/fotos01.diaridegirona.cat\/2009\/12\/10\/318x200\/2009-12-17_IMG_2009-12-10_01.46.57__45_1.jpg.jpg\" alt=\"Resultado de imagen de mediterrani\" width=\"421\" height=\"272\" \/><\/p>\n<h4>Reporters La Vila<\/h4>\n<p>Aquest curs a la comunitat de grans hi ha nous espais d&#8217;aprenentatge, un d&#8217;ells \u00e9s <strong>Mediterr\u00e0niament<\/strong>. Hem anat a l&#8217;espai de medit\u00e8rraniament per fer unes quantes preguntes.<\/p>\n<p>1-Per qu\u00e9 es diu mediterraniament aquest espai? Perqu\u00e9 treballem els mars i el nostre es diu Mar Meditarrani .<\/p>\n<p>2-Que feu en aquest espai? Analitzem com estan les platges: si est\u00e0 bruta i mirem si en el mar hi ha pl\u00e0stics o alguna cosa que contamini .<\/p>\n<p>3-A quines platges aneu? De moment nom\u00e9s hem pogut anat a la platja gran de Palam\u00f3s .<\/p>\n<p>4-Quin material utilitzeu? Utilitzem pales, galledes, lupes&#8230;<\/p>\n","protected":false},"excerpt":{"rendered":"<p>Reporters La Vila<br \/>\nAquest curs a la comunitat de grans hi ha nous espais d&#8217;aprenentatge, un d&#8217;ells \u00e9s Mediterr\u00e0niament. Hem anat a l&#8217;espai de medit\u00e8rraniament per fer unes quantes preguntes.<br \/>\n1-Per qu\u00e9 es diu mediterraniament aquest espai? Perqu\u00e9 treballem els mars i el nostre es diu Mar&hellip;  <a href=\"https:\/\/agora.xtec.cat\/escolalavilapalamos\/general\/mediterraniament\/\" title=\"Read Mediterr\u00e0niament\">Llegeix m\u00e9s\u00bb<\/a><\/p>\n","protected":false},"author":171,"featured_media":0,"comment_status":"open","ping_status":"closed","sticky":false,"template":"","format":"standard","meta":{"_bbp_topic_count":0,"_bbp_reply_count":0,"_bbp_total_topic_count":0,"_bbp_total_reply_count":0,"_bbp_voice_count":0,"_bbp_anonymous_reply_count":0,"_bbp_topic_count_hidden":0,"_bbp_reply_count_hidden":0,"_bbp_forum_subforum_count":0,"footnotes":""},"categories":[128,1,4,5],"tags":[],"class_list":["post-6474","post","type-post","status-publish","format-standard","hentry","category-comunitat-de-grans","category-general","category-portada","category-primaria"],"post_mailing_queue_ids":[],"_links":{"self":[{"href":"https:\/\/agora.xtec.cat\/escolalavilapalamos\/wp-json\/wp\/v2\/posts\/6474","targetHints":{"allow":["GET"]}}],"collection":[{"href":"https:\/\/agora.xtec.cat\/escolalavilapalamos\/wp-json\/wp\/v2\/posts"}],"about":[{"href":"https:\/\/agora.xtec.cat\/escolalavilapalamos\/wp-json\/wp\/v2\/types\/post"}],"author":[{"embeddable":true,"href":"https:\/\/agora.xtec.cat\/escolalavilapalamos\/wp-json\/wp\/v2\/users\/171"}],"replies":[{"embeddable":true,"href":"https:\/\/agora.xtec.cat\/escolalavilapalamos\/wp-json\/wp\/v2\/comments?post=6474"}],"version-history":[{"count":3,"href":"https:\/\/agora.xtec.cat\/escolalavilapalamos\/wp-json\/wp\/v2\/posts\/6474\/revisions"}],"predecessor-version":[{"id":6650,"href":"https:\/\/agora.xtec.cat\/escolalavilapalamos\/wp-json\/wp\/v2\/posts\/6474\/revisions\/6650"}],"wp:attachment":[{"href":"https:\/\/agora.xtec.cat\/escolalavilapalamos\/wp-json\/wp\/v2\/media?parent=6474"}],"wp:term":[{"taxonomy":"category","embeddable":true,"href":"https:\/\/agora.xtec.cat\/escolalavilapalamos\/wp-json\/wp\/v2\/categories?post=6474"},{"taxonomy":"post_tag","embeddable":true,"href":"https:\/\/agora.xtec.cat\/escolalavilapalamos\/wp-json\/wp\/v2\/tags?post=6474"}],"curies":[{"name":"wp","href":"https:\/\/api.w.org\/{rel}","templated":true}]}}