{"id":6461,"date":"2019-09-27T13:20:40","date_gmt":"2019-09-27T11:20:40","guid":{"rendered":"http:\/\/agora.xtec.cat\/escolalavilapalamos\/?p=6461"},"modified":"2019-10-30T13:23:02","modified_gmt":"2019-10-30T12:23:02","slug":"inauguracio-del-curs-2019-20","status":"publish","type":"post","link":"https:\/\/agora.xtec.cat\/escolalavilapalamos\/general\/inauguracio-del-curs-2019-20\/","title":{"rendered":"Inauguraci\u00f3 del curs 2019\/20"},"content":{"rendered":"<h4>Reporters La Vila<\/h4>\n<p>El <strong>dijous 26 de setembre<\/strong> a la tarda es va fer la inauguraci\u00f3 del curs escolar 2019-20. Al principi es van fer activitats al pati i despr\u00e9s es va fer una taula rodona de debat sobre el canvi pedag\u00f2gic a l&#8217;escola. Aqu\u00ed teniu el recull de la jornada<\/p>\n<p><iframe loading=\"lazy\" src=\"\/\/www.youtube.com\/embed\/Z9OK54zPl-Q\" width=\"560\" height=\"314\"><\/iframe><\/p>\n<p>&nbsp;<\/p>\n","protected":false},"excerpt":{"rendered":"<p>Reporters La Vila<br \/>\nEl dijous 26 de setembre a la tarda es va fer la inauguraci\u00f3 del curs escolar 2019-20. Al principi es van fer activitats al pati i despr\u00e9s es va fer una taula rodona de debat sobre el canvi pedag\u00f2gic a l&#8217;escola. Aqu\u00ed teniu&hellip;  <a href=\"https:\/\/agora.xtec.cat\/escolalavilapalamos\/general\/inauguracio-del-curs-2019-20\/\" title=\"Read Inauguraci\u00f3 del curs 2019\/20\">Llegeix m\u00e9s\u00bb<\/a><\/p>\n","protected":false},"author":171,"featured_media":0,"comment_status":"open","ping_status":"closed","sticky":false,"template":"","format":"standard","meta":{"_bbp_topic_count":0,"_bbp_reply_count":0,"_bbp_total_topic_count":0,"_bbp_total_reply_count":0,"_bbp_voice_count":0,"_bbp_anonymous_reply_count":0,"_bbp_topic_count_hidden":0,"_bbp_reply_count_hidden":0,"_bbp_forum_subforum_count":0,"footnotes":""},"categories":[1,4,5],"tags":[],"class_list":["post-6461","post","type-post","status-publish","format-standard","hentry","category-general","category-portada","category-primaria"],"post_mailing_queue_ids":[],"_links":{"self":[{"href":"https:\/\/agora.xtec.cat\/escolalavilapalamos\/wp-json\/wp\/v2\/posts\/6461","targetHints":{"allow":["GET"]}}],"collection":[{"href":"https:\/\/agora.xtec.cat\/escolalavilapalamos\/wp-json\/wp\/v2\/posts"}],"about":[{"href":"https:\/\/agora.xtec.cat\/escolalavilapalamos\/wp-json\/wp\/v2\/types\/post"}],"author":[{"embeddable":true,"href":"https:\/\/agora.xtec.cat\/escolalavilapalamos\/wp-json\/wp\/v2\/users\/171"}],"replies":[{"embeddable":true,"href":"https:\/\/agora.xtec.cat\/escolalavilapalamos\/wp-json\/wp\/v2\/comments?post=6461"}],"version-history":[{"count":2,"href":"https:\/\/agora.xtec.cat\/escolalavilapalamos\/wp-json\/wp\/v2\/posts\/6461\/revisions"}],"predecessor-version":[{"id":6646,"href":"https:\/\/agora.xtec.cat\/escolalavilapalamos\/wp-json\/wp\/v2\/posts\/6461\/revisions\/6646"}],"wp:attachment":[{"href":"https:\/\/agora.xtec.cat\/escolalavilapalamos\/wp-json\/wp\/v2\/media?parent=6461"}],"wp:term":[{"taxonomy":"category","embeddable":true,"href":"https:\/\/agora.xtec.cat\/escolalavilapalamos\/wp-json\/wp\/v2\/categories?post=6461"},{"taxonomy":"post_tag","embeddable":true,"href":"https:\/\/agora.xtec.cat\/escolalavilapalamos\/wp-json\/wp\/v2\/tags?post=6461"}],"curies":[{"name":"wp","href":"https:\/\/api.w.org\/{rel}","templated":true}]}}