{"id":6459,"date":"2019-10-21T12:57:33","date_gmt":"2019-10-21T10:57:33","guid":{"rendered":"http:\/\/agora.xtec.cat\/escolalavilapalamos\/?p=6459"},"modified":"2019-10-30T13:05:26","modified_gmt":"2019-10-30T12:05:26","slug":"canvi-climatic","status":"publish","type":"post","link":"https:\/\/agora.xtec.cat\/escolalavilapalamos\/general\/canvi-climatic\/","title":{"rendered":"El canvi clim\u00e0tic"},"content":{"rendered":"<h4>Reporters La Vila<\/h4>\n<p>El clima del planeta ha canviat m\u00e9s en els \u00faltims 100 anys que en milers d&#8217;anys. Si seguim aix\u00ed la vida a la terra c\u00f3rrer perill.<\/p>\n<p><img loading=\"lazy\" decoding=\"async\" class=\"alignright\" src=\"https:\/\/e.rpp-noticias.io\/normal\/2017\/08\/29\/124112_472124.jpg\" alt=\"Resultado de imagen de cambio climatico\" width=\"448\" height=\"252\" \/><\/p>\n<p>La temperatura del m\u00f3n ha accelerat el seu augment en les \u00faltimes d\u00e8cades. A moltes parts del m\u00f3n com Nord Am\u00e8rica, Austr\u00e0lia, Sud-am\u00e8rica i \u00c0frica han arribat a r\u00e9cords de calor que s&#8217;havien vist en un segle. E<span style=\"font-family: inherit; font-size: 1em;\">l mar est\u00e0 pujant molt, els huracans i les tempestes tropicals s\u00f3n encara m\u00e9s intenses. Si la tend\u00e8ncia segueix aix\u00ed, la temperatura podria augmentar 10\u00ba a finals del present segle. I que hem fet els humans diferent els darrers anys ?<\/span><\/p>\n<p><span style=\"font-family: inherit; font-size: 1em;\">Doncs\u00a0 tot comen\u00e7a cap el 1850 amb &#8220;La revoluci\u00f3 Industrial&#8221;\u00a0 i l&#8217;\u00fas d&#8217;energies f\u00f2ssils que perjudiquen el medi ambient.<br \/>\n<\/span><\/p>\n<p>Hem de prendre mesures per reduir la temperatura del planeta.<\/p>\n","protected":false},"excerpt":{"rendered":"<p>Reporters La Vila<br \/>\nEl clima del planeta ha canviat m\u00e9s en els \u00faltims 100 anys que en milers d&#8217;anys. Si seguim aix\u00ed la vida a la terra c\u00f3rrer perill.<\/p>\n<p>La temperatura del m\u00f3n ha accelerat el seu augment en les \u00faltimes d\u00e8cades. A moltes parts del m\u00f3n&hellip;  <a href=\"https:\/\/agora.xtec.cat\/escolalavilapalamos\/general\/canvi-climatic\/\" title=\"Read El canvi clim\u00e0tic\">Llegeix m\u00e9s\u00bb<\/a><\/p>\n","protected":false},"author":171,"featured_media":6643,"comment_status":"open","ping_status":"closed","sticky":false,"template":"","format":"standard","meta":{"_bbp_topic_count":0,"_bbp_reply_count":0,"_bbp_total_topic_count":0,"_bbp_total_reply_count":0,"_bbp_voice_count":0,"_bbp_anonymous_reply_count":0,"_bbp_topic_count_hidden":0,"_bbp_reply_count_hidden":0,"_bbp_forum_subforum_count":0,"footnotes":""},"categories":[1,4],"tags":[],"class_list":["post-6459","post","type-post","status-publish","format-standard","has-post-thumbnail","hentry","category-general","category-portada"],"post_mailing_queue_ids":[],"_links":{"self":[{"href":"https:\/\/agora.xtec.cat\/escolalavilapalamos\/wp-json\/wp\/v2\/posts\/6459","targetHints":{"allow":["GET"]}}],"collection":[{"href":"https:\/\/agora.xtec.cat\/escolalavilapalamos\/wp-json\/wp\/v2\/posts"}],"about":[{"href":"https:\/\/agora.xtec.cat\/escolalavilapalamos\/wp-json\/wp\/v2\/types\/post"}],"author":[{"embeddable":true,"href":"https:\/\/agora.xtec.cat\/escolalavilapalamos\/wp-json\/wp\/v2\/users\/171"}],"replies":[{"embeddable":true,"href":"https:\/\/agora.xtec.cat\/escolalavilapalamos\/wp-json\/wp\/v2\/comments?post=6459"}],"version-history":[{"count":3,"href":"https:\/\/agora.xtec.cat\/escolalavilapalamos\/wp-json\/wp\/v2\/posts\/6459\/revisions"}],"predecessor-version":[{"id":6644,"href":"https:\/\/agora.xtec.cat\/escolalavilapalamos\/wp-json\/wp\/v2\/posts\/6459\/revisions\/6644"}],"wp:featuredmedia":[{"embeddable":true,"href":"https:\/\/agora.xtec.cat\/escolalavilapalamos\/wp-json\/wp\/v2\/media\/6643"}],"wp:attachment":[{"href":"https:\/\/agora.xtec.cat\/escolalavilapalamos\/wp-json\/wp\/v2\/media?parent=6459"}],"wp:term":[{"taxonomy":"category","embeddable":true,"href":"https:\/\/agora.xtec.cat\/escolalavilapalamos\/wp-json\/wp\/v2\/categories?post=6459"},{"taxonomy":"post_tag","embeddable":true,"href":"https:\/\/agora.xtec.cat\/escolalavilapalamos\/wp-json\/wp\/v2\/tags?post=6459"}],"curies":[{"name":"wp","href":"https:\/\/api.w.org\/{rel}","templated":true}]}}