{"id":6417,"date":"2019-10-17T15:44:49","date_gmt":"2019-10-17T13:44:49","guid":{"rendered":"http:\/\/agora.xtec.cat\/escolalavilapalamos\/?p=6417"},"modified":"2019-10-17T15:51:17","modified_gmt":"2019-10-17T13:51:17","slug":"lactivitat-de-vela-de-6e","status":"publish","type":"post","link":"https:\/\/agora.xtec.cat\/escolalavilapalamos\/general\/lactivitat-de-vela-de-6e\/","title":{"rendered":"L&#8217;activitat de vela de 6\u00e8"},"content":{"rendered":"<h5>Reporters La Vila<\/h5>\n<p>Els nois i noies de 6\u00e8 hem comen\u00e7at l&#8217;activitat de vela el mes d&#8217;octubre.<\/p>\n<p>El primer dia vam treballar q\u00fcestions de seguretat. A les properes sessions comen\u00e7arem a navegar, si el temps ens ho permet. A vela hem de portar roba c\u00f2moda. Ens agrada molt l&#8217;activitat !<\/p>\n<p><iframe loading=\"lazy\" src=\"\/\/www.youtube.com\/embed\/VdsURQzWbmg\" width=\"560\" height=\"314\"><\/iframe><\/p>\n<p>&nbsp;<\/p>\n","protected":false},"excerpt":{"rendered":"<p>Reporters La Vila<br \/>\nEls nois i noies de 6\u00e8 hem comen\u00e7at l&#8217;activitat de vela el mes d&#8217;octubre.<br \/>\nEl primer dia vam treballar q\u00fcestions de seguretat. A les properes sessions comen\u00e7arem a navegar, si el temps ens ho permet. A vela hem de portar roba c\u00f2moda. Ens agrada&hellip;  <a href=\"https:\/\/agora.xtec.cat\/escolalavilapalamos\/general\/lactivitat-de-vela-de-6e\/\" title=\"Read L&#8217;activitat de vela de 6\u00e8\">Llegeix m\u00e9s\u00bb<\/a><\/p>\n","protected":false},"author":171,"featured_media":6529,"comment_status":"open","ping_status":"closed","sticky":false,"template":"","format":"standard","meta":{"_bbp_topic_count":0,"_bbp_reply_count":0,"_bbp_total_topic_count":0,"_bbp_total_reply_count":0,"_bbp_voice_count":0,"_bbp_anonymous_reply_count":0,"_bbp_topic_count_hidden":0,"_bbp_reply_count_hidden":0,"_bbp_forum_subforum_count":0,"footnotes":""},"categories":[128,1,4,5],"tags":[],"class_list":["post-6417","post","type-post","status-publish","format-standard","has-post-thumbnail","hentry","category-comunitat-de-grans","category-general","category-portada","category-primaria"],"post_mailing_queue_ids":[],"_links":{"self":[{"href":"https:\/\/agora.xtec.cat\/escolalavilapalamos\/wp-json\/wp\/v2\/posts\/6417","targetHints":{"allow":["GET"]}}],"collection":[{"href":"https:\/\/agora.xtec.cat\/escolalavilapalamos\/wp-json\/wp\/v2\/posts"}],"about":[{"href":"https:\/\/agora.xtec.cat\/escolalavilapalamos\/wp-json\/wp\/v2\/types\/post"}],"author":[{"embeddable":true,"href":"https:\/\/agora.xtec.cat\/escolalavilapalamos\/wp-json\/wp\/v2\/users\/171"}],"replies":[{"embeddable":true,"href":"https:\/\/agora.xtec.cat\/escolalavilapalamos\/wp-json\/wp\/v2\/comments?post=6417"}],"version-history":[{"count":3,"href":"https:\/\/agora.xtec.cat\/escolalavilapalamos\/wp-json\/wp\/v2\/posts\/6417\/revisions"}],"predecessor-version":[{"id":6532,"href":"https:\/\/agora.xtec.cat\/escolalavilapalamos\/wp-json\/wp\/v2\/posts\/6417\/revisions\/6532"}],"wp:featuredmedia":[{"embeddable":true,"href":"https:\/\/agora.xtec.cat\/escolalavilapalamos\/wp-json\/wp\/v2\/media\/6529"}],"wp:attachment":[{"href":"https:\/\/agora.xtec.cat\/escolalavilapalamos\/wp-json\/wp\/v2\/media?parent=6417"}],"wp:term":[{"taxonomy":"category","embeddable":true,"href":"https:\/\/agora.xtec.cat\/escolalavilapalamos\/wp-json\/wp\/v2\/categories?post=6417"},{"taxonomy":"post_tag","embeddable":true,"href":"https:\/\/agora.xtec.cat\/escolalavilapalamos\/wp-json\/wp\/v2\/tags?post=6417"}],"curies":[{"name":"wp","href":"https:\/\/api.w.org\/{rel}","templated":true}]}}