{"id":6409,"date":"2019-10-29T12:31:10","date_gmt":"2019-10-29T11:31:10","guid":{"rendered":"http:\/\/agora.xtec.cat\/escolalavilapalamos\/?p=6409"},"modified":"2019-10-29T15:10:19","modified_gmt":"2019-10-29T14:10:19","slug":"auxiliar-de-conversa-a-lescola","status":"publish","type":"post","link":"https:\/\/agora.xtec.cat\/escolalavilapalamos\/general\/auxiliar-de-conversa-a-lescola\/","title":{"rendered":"Auxiliar de conversa a l&#8217;escola"},"content":{"rendered":"<h4><a href=\"https:\/\/agora.xtec.cat\/escolalavilapalamos\/wp-content\/uploads\/usu897\/2019\/10\/WhatsApp-Image-2019-10-24-at-18.12.20.jpeg\"><img loading=\"lazy\" decoding=\"async\" class=\" wp-image-6578 alignleft\" src=\"https:\/\/agora.xtec.cat\/escolalavilapalamos\/wp-content\/uploads\/usu897\/2019\/10\/WhatsApp-Image-2019-10-24-at-18.12.20.jpeg\" alt=\"\" width=\"263\" height=\"301\" srcset=\"https:\/\/agora.xtec.cat\/escolalavilapalamos\/wp-content\/uploads\/usu897\/2019\/10\/WhatsApp-Image-2019-10-24-at-18.12.20.jpeg 565w, https:\/\/agora.xtec.cat\/escolalavilapalamos\/wp-content\/uploads\/usu897\/2019\/10\/WhatsApp-Image-2019-10-24-at-18.12.20-262x300.jpeg 262w\" sizes=\"auto, (max-width: 263px) 100vw, 263px\" \/><\/a>Reporters La Vila<\/h4>\n<p>A primers d&#8217;octubre va comen\u00e7ar a l&#8217;escola l&#8217;auxiliar de conversa en angl\u00e8s, <strong>Sra. <span class=\"il\">Lisa<\/span> Wainwright<\/strong>. Una auxiliar de conversa \u00e9s una persona nad\u00edua del Regne Unit.<\/p>\n<p>Ens acompanyar\u00e0 a l&#8217;escola tot el curs 2019\/20. Els Reporters La Vila hem anat a fer-li algunes preguntes.<\/p>\n<p><b>-Com et dius? -What&#8217;s your name?<\/b><\/p>\n<p>Em dic Lisa.<\/p>\n<p>My name is Lisa<\/p>\n<p><b>-Quants anys tens?-How old\u00a0are you?<\/b><\/p>\n<p>Tinc 39 anys.<\/p>\n<p>I\u2019m 39 years old.<\/p>\n<p><b>-D&#8217;on vens?-Where are you from?<\/b><\/p>\n<p>S\u00f3c de Leeds, d\u2019Anglaterra.<\/p>\n<p>I\u2019m from Leeds, England.<\/p>\n<p><b>-Quin dia vas comen\u00e7ar a l&#8217;escola- What day did you start at the school?<\/b><\/p>\n<p>Vaig comen\u00e7ar el 3 d\u2019octubre.<\/p>\n<p>I started the 3rd october<\/p>\n<p><b>-Qu\u00e8 fas a l&#8217;escola?-What are\u00a0you doing at school?<\/b><\/p>\n<p>Ajudar els estudiants a practicar la parla en angl\u00e8s per preparar-se per tenir converses fluides.<\/p>\n<p>Helping <span lang=\"en\" tabindex=\"0\">students practice speaking English to prepare for fluent conversations.<\/span><\/p>\n<p><b>-Quines classes fas?-What classes do?<\/b><\/p>\n<p>Treballo sobretot amb els cursos de 4t i 6\u00e8.<\/p>\n<p>I work with 4th and 6th graders<\/p>\n<p><b>-Fins quan estar\u00e0s a l&#8217;escola?- How long are you going to be working in the school?<\/b><\/p>\n<p>Acabo el 31 de maig de 2020.<\/p>\n<p>I finish the 31st may 2020.<\/p>\n<p><a href=\"https:\/\/agora.xtec.cat\/escolalavilapalamos\/wp-content\/uploads\/usu897\/2019\/10\/WhatsApp-Image-2019-10-24-at-18.12.20-5.jpeg\"><img loading=\"lazy\" decoding=\"async\" class=\" wp-image-6579 aligncenter\" src=\"https:\/\/agora.xtec.cat\/escolalavilapalamos\/wp-content\/uploads\/usu897\/2019\/10\/WhatsApp-Image-2019-10-24-at-18.12.20-5-1024x768.jpeg\" alt=\"\" width=\"487\" height=\"366\" srcset=\"https:\/\/agora.xtec.cat\/escolalavilapalamos\/wp-content\/uploads\/usu897\/2019\/10\/WhatsApp-Image-2019-10-24-at-18.12.20-5.jpeg 1024w, https:\/\/agora.xtec.cat\/escolalavilapalamos\/wp-content\/uploads\/usu897\/2019\/10\/WhatsApp-Image-2019-10-24-at-18.12.20-5-300x225.jpeg 300w, https:\/\/agora.xtec.cat\/escolalavilapalamos\/wp-content\/uploads\/usu897\/2019\/10\/WhatsApp-Image-2019-10-24-at-18.12.20-5-768x576.jpeg 768w, https:\/\/agora.xtec.cat\/escolalavilapalamos\/wp-content\/uploads\/usu897\/2019\/10\/WhatsApp-Image-2019-10-24-at-18.12.20-5-200x150.jpeg 200w\" sizes=\"auto, (max-width: 487px) 100vw, 487px\" \/><\/a><\/p>\n<p>Thank you for all !<\/p>\n","protected":false},"excerpt":{"rendered":"<p><a href=\"https:\/\/agora.xtec.cat\/escolalavilapalamos\/wp-content\/uploads\/usu897\/2019\/10\/WhatsApp-Image-2019-10-24-at-18.12.20.jpeg\"><\/a>Reporters La Vila<br \/>\nA primers d&#8217;octubre va comen\u00e7ar a l&#8217;escola l&#8217;auxiliar de conversa en angl\u00e8s, Sra. Lisa Wainwright. Una auxiliar de conversa \u00e9s una persona nad\u00edua del Regne Unit.<br \/>\nEns acompanyar\u00e0 a l&#8217;escola tot el curs 2019\/20. Els Reporters La Vila hem anat a fer-li algunes&hellip;  <a href=\"https:\/\/agora.xtec.cat\/escolalavilapalamos\/general\/auxiliar-de-conversa-a-lescola\/\" title=\"Read Auxiliar de conversa a l&#8217;escola\">Llegeix m\u00e9s\u00bb<\/a><\/p>\n","protected":false},"author":171,"featured_media":6578,"comment_status":"open","ping_status":"closed","sticky":false,"template":"","format":"standard","meta":{"_bbp_topic_count":0,"_bbp_reply_count":0,"_bbp_total_topic_count":0,"_bbp_total_reply_count":0,"_bbp_voice_count":0,"_bbp_anonymous_reply_count":0,"_bbp_topic_count_hidden":0,"_bbp_reply_count_hidden":0,"_bbp_forum_subforum_count":0,"footnotes":""},"categories":[69,1,4,5],"tags":[],"class_list":["post-6409","post","type-post","status-publish","format-standard","has-post-thumbnail","hentry","category-english","category-general","category-portada","category-primaria"],"post_mailing_queue_ids":[],"_links":{"self":[{"href":"https:\/\/agora.xtec.cat\/escolalavilapalamos\/wp-json\/wp\/v2\/posts\/6409","targetHints":{"allow":["GET"]}}],"collection":[{"href":"https:\/\/agora.xtec.cat\/escolalavilapalamos\/wp-json\/wp\/v2\/posts"}],"about":[{"href":"https:\/\/agora.xtec.cat\/escolalavilapalamos\/wp-json\/wp\/v2\/types\/post"}],"author":[{"embeddable":true,"href":"https:\/\/agora.xtec.cat\/escolalavilapalamos\/wp-json\/wp\/v2\/users\/171"}],"replies":[{"embeddable":true,"href":"https:\/\/agora.xtec.cat\/escolalavilapalamos\/wp-json\/wp\/v2\/comments?post=6409"}],"version-history":[{"count":4,"href":"https:\/\/agora.xtec.cat\/escolalavilapalamos\/wp-json\/wp\/v2\/posts\/6409\/revisions"}],"predecessor-version":[{"id":6626,"href":"https:\/\/agora.xtec.cat\/escolalavilapalamos\/wp-json\/wp\/v2\/posts\/6409\/revisions\/6626"}],"wp:featuredmedia":[{"embeddable":true,"href":"https:\/\/agora.xtec.cat\/escolalavilapalamos\/wp-json\/wp\/v2\/media\/6578"}],"wp:attachment":[{"href":"https:\/\/agora.xtec.cat\/escolalavilapalamos\/wp-json\/wp\/v2\/media?parent=6409"}],"wp:term":[{"taxonomy":"category","embeddable":true,"href":"https:\/\/agora.xtec.cat\/escolalavilapalamos\/wp-json\/wp\/v2\/categories?post=6409"},{"taxonomy":"post_tag","embeddable":true,"href":"https:\/\/agora.xtec.cat\/escolalavilapalamos\/wp-json\/wp\/v2\/tags?post=6409"}],"curies":[{"name":"wp","href":"https:\/\/api.w.org\/{rel}","templated":true}]}}