{"id":6397,"date":"2019-10-11T15:17:11","date_gmt":"2019-10-11T13:17:11","guid":{"rendered":"http:\/\/agora.xtec.cat\/escolalavilapalamos\/?p=6397"},"modified":"2019-11-12T09:15:24","modified_gmt":"2019-11-12T08:15:24","slug":"recollida-daliments","status":"publish","type":"post","link":"https:\/\/agora.xtec.cat\/escolalavilapalamos\/general\/recollida-daliments\/","title":{"rendered":"Recollida d&#8217;aliments"},"content":{"rendered":"<p><strong><a href=\"https:\/\/agora.xtec.cat\/escolalavilapalamos\/wp-content\/uploads\/usu897\/2019\/10\/baixa.png\"><img loading=\"lazy\" decoding=\"async\" class=\" wp-image-6448 alignright\" src=\"https:\/\/agora.xtec.cat\/escolalavilapalamos\/wp-content\/uploads\/usu897\/2019\/10\/baixa.png\" alt=\"\" width=\"252\" height=\"252\" srcset=\"https:\/\/agora.xtec.cat\/escolalavilapalamos\/wp-content\/uploads\/usu897\/2019\/10\/baixa.png 225w, https:\/\/agora.xtec.cat\/escolalavilapalamos\/wp-content\/uploads\/usu897\/2019\/10\/baixa-150x150.png 150w\" sizes=\"auto, (max-width: 252px) 100vw, 252px\" \/><\/a>Setmana solid\u00e0ria del 14 al 18 d&#8217;octubre de 2019 ( horari escolar )<\/strong><\/p>\n<p>Benvolgudes families, <strong>Acci\u00f3 Solid\u00e0ria Log\u00edstica (ASL)<\/strong> \u00e9s una petita ONG de bombers, especialitzada en emerg\u00e8ncies. <strong>Necessitem recollir\u00a0 aliments per als migrants-refugiats<\/strong> que aviat hauran d&#8217;afrontar l&#8217;hivern a mils de kil\u00f2metres de casa seva,a Velika Kladusa (B\u00f2snia). All\u00e0 hi malviuen m\u00e9s de 1000 refugiats esperant poder entrar a Europa.<\/p>\n<p>Per aix\u00f2, aquest Octubre, en col\u00b7laboraci\u00f3 amb la ONF No Name Kitchen els hi portarem tots el aliments recollits. Aquesta \u00e9s una campanya de molts centres educatius del pa\u00eds.<\/p>\n<p><strong>Necessitem recollir: pots de tom\u00e0quet, tonyina, galetes, oli, fruits secs, pasta, arr\u00f2s, llegum sec, llegum (conserva), cus cus, d\u00e0tils i farina.<\/strong><\/p>\n<p>Podreu deixar els aliments a les caixes de recollida de l&#8217;escola. Moltes gr\u00e0cies per col\u00b7laborar<\/p>\n<p>M\u00e9s informaci\u00f3 a la web d&#8217;<a href=\"https:\/\/www.asl.ong\/\">Acci\u00f3 Solid\u00e0ria i Log\u00edstica<\/a> i l&#8217; ONG <a href=\"https:\/\/www.nonamekitchen.org\/\">No name Kitchen<\/a><\/p>\n<div><em>Carta d&#8217;agra\u00efment de l&#8217;ONG:<\/em><\/div>\n<div><em>Des d&#8217;Acci\u00f3 Solid\u00e0ria i Log\u00edstica\u00a0<b>us volem agrair la vostra participaci\u00f3 i col\u00b7laboraci\u00f3 en la campanya de recollida d&#8217;aliments per enviar a les persones que es troben for\u00e7adament instal\u00b7lades als Balcans<\/b>, despr\u00e9s dels seus fracassats intents d&#8217;entrar a Europa per buscar refugi.<\/em><\/div>\n<div><\/div>\n<div><em>Pr\u00f2ximament, els aliments recollits sortiran des de Catalunya en una furgoneta enviada per l&#8217;ONG\u00a0No Name Kitchen\u00a0des de Pamplona, per descarregar a la regi\u00f3 de Velika Kladusa (B\u00f2snia) i abastir els m\u00e9s de 700 migrants que malviuen a la frontera entre B\u00f2snia i Cro\u00e0cia.<\/em><\/div>\n<div><\/div>\n<div><em>\u00c9s per aix\u00f2 que\u00a0<b>us enviem una carta d&#8217;agra\u00efment i un diploma\u00a0<\/b>per tal que, si us ve de gust, els penjeu a les vostres aules, al vostre centre o b\u00e9 li ensenyeu als infants que han col\u00b7laborat en la campanya.<\/em><\/div>\n<div><\/div>\n<div><em>Esperem poder col\u00b7laborar novament amb vosaltres en un futur.<\/em><\/div>\n<div><\/div>\n<div><em>Una forta abra\u00e7ada de part de tot l&#8217;equip d&#8217;Acci\u00f3 Solid\u00e0ria i Log\u00edstica.<\/em><\/div>\n","protected":false},"excerpt":{"rendered":"<p><a href=\"https:\/\/agora.xtec.cat\/escolalavilapalamos\/wp-content\/uploads\/usu897\/2019\/10\/baixa.png\"><\/a>Setmana solid\u00e0ria del 14 al 18 d&#8217;octubre de 2019 ( horari escolar )<br \/>\nBenvolgudes families, Acci\u00f3 Solid\u00e0ria Log\u00edstica (ASL) \u00e9s una petita ONG de bombers, especialitzada en emerg\u00e8ncies. Necessitem recollir\u00a0 aliments per als migrants-refugiats que aviat hauran d&#8217;afrontar l&#8217;hivern a mils de kil\u00f2metres de casa&hellip;  <a href=\"https:\/\/agora.xtec.cat\/escolalavilapalamos\/general\/recollida-daliments\/\" title=\"Read Recollida d&#8217;aliments\">Llegeix m\u00e9s\u00bb<\/a><\/p>\n","protected":false},"author":171,"featured_media":6448,"comment_status":"open","ping_status":"closed","sticky":false,"template":"","format":"standard","meta":{"_bbp_topic_count":0,"_bbp_reply_count":0,"_bbp_total_topic_count":0,"_bbp_total_reply_count":0,"_bbp_voice_count":0,"_bbp_anonymous_reply_count":0,"_bbp_topic_count_hidden":0,"_bbp_reply_count_hidden":0,"_bbp_forum_subforum_count":0,"footnotes":""},"categories":[128,127,2,1,4,5],"tags":[],"class_list":["post-6397","post","type-post","status-publish","format-standard","has-post-thumbnail","hentry","category-comunitat-de-grans","category-comunitat-de-mitjans","category-infantil","category-general","category-portada","category-primaria"],"post_mailing_queue_ids":[],"_links":{"self":[{"href":"https:\/\/agora.xtec.cat\/escolalavilapalamos\/wp-json\/wp\/v2\/posts\/6397","targetHints":{"allow":["GET"]}}],"collection":[{"href":"https:\/\/agora.xtec.cat\/escolalavilapalamos\/wp-json\/wp\/v2\/posts"}],"about":[{"href":"https:\/\/agora.xtec.cat\/escolalavilapalamos\/wp-json\/wp\/v2\/types\/post"}],"author":[{"embeddable":true,"href":"https:\/\/agora.xtec.cat\/escolalavilapalamos\/wp-json\/wp\/v2\/users\/171"}],"replies":[{"embeddable":true,"href":"https:\/\/agora.xtec.cat\/escolalavilapalamos\/wp-json\/wp\/v2\/comments?post=6397"}],"version-history":[{"count":3,"href":"https:\/\/agora.xtec.cat\/escolalavilapalamos\/wp-json\/wp\/v2\/posts\/6397\/revisions"}],"predecessor-version":[{"id":6704,"href":"https:\/\/agora.xtec.cat\/escolalavilapalamos\/wp-json\/wp\/v2\/posts\/6397\/revisions\/6704"}],"wp:featuredmedia":[{"embeddable":true,"href":"https:\/\/agora.xtec.cat\/escolalavilapalamos\/wp-json\/wp\/v2\/media\/6448"}],"wp:attachment":[{"href":"https:\/\/agora.xtec.cat\/escolalavilapalamos\/wp-json\/wp\/v2\/media?parent=6397"}],"wp:term":[{"taxonomy":"category","embeddable":true,"href":"https:\/\/agora.xtec.cat\/escolalavilapalamos\/wp-json\/wp\/v2\/categories?post=6397"},{"taxonomy":"post_tag","embeddable":true,"href":"https:\/\/agora.xtec.cat\/escolalavilapalamos\/wp-json\/wp\/v2\/tags?post=6397"}],"curies":[{"name":"wp","href":"https:\/\/api.w.org\/{rel}","templated":true}]}}