{"id":6368,"date":"2019-09-15T08:00:00","date_gmt":"2019-09-15T06:00:00","guid":{"rendered":"http:\/\/agora.xtec.cat\/escolalavilapalamos\/?p=6368"},"modified":"2019-10-21T16:18:35","modified_gmt":"2019-10-21T14:18:35","slug":"el-primer-dia-descola-dels-mes-petits","status":"publish","type":"post","link":"https:\/\/agora.xtec.cat\/escolalavilapalamos\/general\/el-primer-dia-descola-dels-mes-petits\/","title":{"rendered":"El primer dia d&#8217;escola dels m\u00e9s petits"},"content":{"rendered":"<p>El dia 12 de setembre van comen\u00e7ar les classes de l&#8217;escola la Vila de Palam\u00f3s . Aix\u00f2 \u00e9s un reportatge dels <strong>Reporters de La Vila<\/strong> de\u00a0 les seves primeres impressions.<span style=\"font-family: inherit; font-size: 1em;\"> \u00a0<\/span><\/p>\n<p><span style=\"font-family: inherit; font-size: 1em;\">\u00a0 \u00a0 <iframe loading=\"lazy\" src=\"\/\/www.youtube.com\/embed\/149rsWVtJLs\" width=\"560\" height=\"314\" allowfullscreen=\"allowfullscreen\"><\/iframe> \u00a0 \u00a0 \u00a0 \u00a0\u00a0<\/span><\/p>\n","protected":false},"excerpt":{"rendered":"<p>El dia 12 de setembre van comen\u00e7ar les classes de l&#8217;escola la Vila de Palam\u00f3s . Aix\u00f2 \u00e9s un reportatge dels Reporters de La Vila de\u00a0 les seves primeres impressions. \u00a0<br \/>\n\u00a0 \u00a0  \u00a0 \u00a0 \u00a0 \u00a0\u00a0<\/p>\n","protected":false},"author":171,"featured_media":6538,"comment_status":"open","ping_status":"closed","sticky":false,"template":"","format":"standard","meta":{"_bbp_topic_count":0,"_bbp_reply_count":0,"_bbp_total_topic_count":0,"_bbp_total_reply_count":0,"_bbp_voice_count":0,"_bbp_anonymous_reply_count":0,"_bbp_topic_count_hidden":0,"_bbp_reply_count_hidden":0,"_bbp_forum_subforum_count":0,"footnotes":""},"categories":[2,1,4,5],"tags":[],"class_list":["post-6368","post","type-post","status-publish","format-standard","has-post-thumbnail","hentry","category-infantil","category-general","category-portada","category-primaria"],"post_mailing_queue_ids":[],"_links":{"self":[{"href":"https:\/\/agora.xtec.cat\/escolalavilapalamos\/wp-json\/wp\/v2\/posts\/6368","targetHints":{"allow":["GET"]}}],"collection":[{"href":"https:\/\/agora.xtec.cat\/escolalavilapalamos\/wp-json\/wp\/v2\/posts"}],"about":[{"href":"https:\/\/agora.xtec.cat\/escolalavilapalamos\/wp-json\/wp\/v2\/types\/post"}],"author":[{"embeddable":true,"href":"https:\/\/agora.xtec.cat\/escolalavilapalamos\/wp-json\/wp\/v2\/users\/171"}],"replies":[{"embeddable":true,"href":"https:\/\/agora.xtec.cat\/escolalavilapalamos\/wp-json\/wp\/v2\/comments?post=6368"}],"version-history":[{"count":3,"href":"https:\/\/agora.xtec.cat\/escolalavilapalamos\/wp-json\/wp\/v2\/posts\/6368\/revisions"}],"predecessor-version":[{"id":6561,"href":"https:\/\/agora.xtec.cat\/escolalavilapalamos\/wp-json\/wp\/v2\/posts\/6368\/revisions\/6561"}],"wp:featuredmedia":[{"embeddable":true,"href":"https:\/\/agora.xtec.cat\/escolalavilapalamos\/wp-json\/wp\/v2\/media\/6538"}],"wp:attachment":[{"href":"https:\/\/agora.xtec.cat\/escolalavilapalamos\/wp-json\/wp\/v2\/media?parent=6368"}],"wp:term":[{"taxonomy":"category","embeddable":true,"href":"https:\/\/agora.xtec.cat\/escolalavilapalamos\/wp-json\/wp\/v2\/categories?post=6368"},{"taxonomy":"post_tag","embeddable":true,"href":"https:\/\/agora.xtec.cat\/escolalavilapalamos\/wp-json\/wp\/v2\/tags?post=6368"}],"curies":[{"name":"wp","href":"https:\/\/api.w.org\/{rel}","templated":true}]}}