{"id":6292,"date":"2019-09-01T08:00:18","date_gmt":"2019-09-01T06:00:18","guid":{"rendered":"http:\/\/agora.xtec.cat\/escolalavilapalamos\/?p=6292"},"modified":"2019-09-20T11:53:19","modified_gmt":"2019-09-20T09:53:19","slug":"informacio-del-curs-escolar-2019-20","status":"publish","type":"post","link":"https:\/\/agora.xtec.cat\/escolalavilapalamos\/general\/informacio-del-curs-escolar-2019-20\/","title":{"rendered":"Informaci\u00f3 del curs escolar 2019-20"},"content":{"rendered":"<h4 class=\"entry-header\"><a href=\"https:\/\/agora.xtec.cat\/escolalavilapalamos\/wp-content\/uploads\/usu897\/2019\/07\/Science.jpg\"><img loading=\"lazy\" decoding=\"async\" class=\"wp-image-6255 alignright\" src=\"https:\/\/agora.xtec.cat\/escolalavilapalamos\/wp-content\/uploads\/usu897\/2019\/07\/Science-1024x935.jpg\" alt=\"\" width=\"405\" height=\"370\" srcset=\"https:\/\/agora.xtec.cat\/escolalavilapalamos\/wp-content\/uploads\/usu897\/2019\/07\/Science-1024x935.jpg 1024w, https:\/\/agora.xtec.cat\/escolalavilapalamos\/wp-content\/uploads\/usu897\/2019\/07\/Science-300x274.jpg 300w, https:\/\/agora.xtec.cat\/escolalavilapalamos\/wp-content\/uploads\/usu897\/2019\/07\/Science-768x701.jpg 768w, https:\/\/agora.xtec.cat\/escolalavilapalamos\/wp-content\/uploads\/usu897\/2019\/07\/Science.jpg 1146w\" sizes=\"auto, (max-width: 405px) 100vw, 405px\" \/><\/a><\/h4>\n<header><\/header>\n<header><\/header>\n<header class=\"entry-header\"><\/header>\n<header><\/header>\n<header class=\"entry-header\">El proper curs les classes s&#8217;iniciaran\u00a0<strong>el dijous<\/strong> <strong>12 de setembre\u00a0<\/strong>\u00a0en horari de mat\u00ed i tarda de\u00a0\u00a0<strong>8:30h a 12h\u00a0\u00a0<\/strong>i de\u00a0<strong>15h a 16:30h\u00a0<\/strong>per Educaci\u00f3 Infantil i Prim\u00e0ria.<\/header>\n<header><\/header>\n<header><\/header>\n<header><\/header>\n<header class=\"entry-header\"><\/header>\n<header class=\"entry-header\">Els\/les alumnes de P3 els dies 12, 13, 16 i 17 de setembre faran horari d&#8217;adaptaci\u00f3 nom\u00e9s als matins.<em>\u00a0Llegiu la informaci\u00f3 adjunta.<\/em><\/header>\n<header class=\"entry-header\"><em>\u00a0<\/em><\/header>\n<header class=\"entry-header\"><\/header>\n<header class=\"entry-header\">Amb la present tamb\u00e9 us volem convidar a participar en la din\u00e0mica del centre. Un centre acollidor on cadascun dels seus sectors educatius intenta ser un element viu i actiu de la formaci\u00f3 dels vostres fills i filles.<\/header>\n<header><\/header>\n<header class=\"entry-header\"><\/header>\n<header class=\"entry-header\"><\/header>\n<header class=\"entry-header\"><\/header>\n<header class=\"entry-header\"><\/header>\n<header class=\"entry-header\"><\/header>\n<header class=\"entry-header\"><\/header>\n<header class=\"entry-header\">Les reunions amb les fam\u00edlies es faran a les 19:30h al pavell\u00f3 de l\u2019escola.<\/header>\n<header><\/header>\n<header class=\"entry-header\">Les dates s\u00f3n:<\/header>\n<div class=\"entry-content\">\n<p><strong>Dilluns 9 de setembre. Comunitat de petits<\/strong> ( P3, P4 i P5)<\/p>\n<p><strong>Dimarts 17 de setembre. Grup dels mitjans<\/strong> ( 1r, 2n i 3r)<\/p>\n<p><strong>Dimecres 18 de setembre. Grup dels grans<\/strong> ( 4t, 5\u00e8i 6\u00e8)<\/p>\n<p>Tamb\u00e9 hi haur\u00e0 <strong>reuni\u00f3 de menjador escolar pels usuaris del servei el dijous 19 de setembre a les 16:45 h al pavell\u00f3. <\/strong><\/p>\n<p>La informaci\u00f3 de l&#8217;AMPA sobre xandalls, bates, acollida matinal i extraescolars la podreu consultar a la <a href=\"https:\/\/sites.google.com\/view\/ampalavila\">web de l&#8217;AMPA<\/a>.<i><br \/>\n<\/i><\/p>\n<p><strong>Tota la informaci\u00f3 del proper curs escolar 2019-20 la teniu en els seg\u00fcents enlla\u00e7os:<\/strong><\/p>\n<p><a href=\"https:\/\/drive.google.com\/file\/d\/18z8EkjXBp2IQZLC7d3hyA2y_G9KWUrPj\/view?usp=sharing\">Carta de benvinguda al nou curs 2019-20<\/a><\/p>\n<p><a href=\"https:\/\/drive.google.com\/file\/d\/1BJF9gMqmJBW08gnWoYTM4NzssHnnYXSk\/view?usp=sharing\">Quotes d\u2019inici de curs 2019-20<\/a><\/p>\n<p><a href=\"https:\/\/drive.google.com\/file\/d\/11A8FWfgAg6nky--5GPjXU4mNZBnhlJYf\/view?usp=sharing\">Quotes AMPA i material escolar 2019-20<\/a><\/p>\n<p><a href=\"https:\/\/drive.google.com\/file\/d\/1lIGbqpacKVl1etcp3YtQmVnhZssEOSz0\/view?usp=sharing\">Llistat del material escolar curs 2019-20<\/a> <strong>(No s&#8217;ha de comprar, se&#8217;l troben a l&#8217;aula el primer dia d&#8217;escola)<\/strong><\/p>\n<p><strong>Fam\u00edlies de P3<\/strong>. <a href=\"https:\/\/drive.google.com\/file\/d\/1EW24axkt3LaNpKYHkfZqcnCZlHBt_Aqt\/view?usp=sharing\">Informaci\u00f3 per les fam\u00edlies de P3<\/a>.\u00a0 <a href=\"https:\/\/drive.google.com\/file\/d\/1A7MytwOUmWbDUB7I0hxl--0kdUK2H3fI\/view?usp=sharing\">Adaptaci\u00f3 dels alumnes de P3 <\/a>(l&#8217;horari de l&#8217;adaptaci\u00f3 del vostre fill\/a us arribar\u00e0 per email)<\/p>\n<p>Tamb\u00e9 podeu demanar informaci\u00f3 de tot all\u00f2 que no us quedi clar a trav\u00e9s del correu electr\u00f2nic <a href=\"mailto:b7002560@xtec.cat\">b7002569@xtec.cat<\/a>.<\/p>\n<\/div>\n","protected":false},"excerpt":{"rendered":"<p><a href=\"https:\/\/agora.xtec.cat\/escolalavilapalamos\/wp-content\/uploads\/usu897\/2019\/07\/Science.jpg\"><\/a><\/p>\n<p>El proper curs les classes s&#8217;iniciaran\u00a0el dijous 12 de setembre\u00a0\u00a0en horari de mat\u00ed i tarda de\u00a0\u00a08:30h a 12h\u00a0\u00a0i de\u00a015h a 16:30h\u00a0per Educaci\u00f3 Infantil i Prim\u00e0ria.<\/p>\n<p>Els\/les alumnes de P3 els dies 12, 13, 16 i 17 de setembre faran horari d&#8217;adaptaci\u00f3 nom\u00e9s als matins.\u00a0Llegiu la&hellip;  <a href=\"https:\/\/agora.xtec.cat\/escolalavilapalamos\/general\/informacio-del-curs-escolar-2019-20\/\" title=\"Read Informaci\u00f3 del curs escolar 2019-20\">Llegeix m\u00e9s\u00bb<\/a><\/p>\n","protected":false},"author":1,"featured_media":6255,"comment_status":"open","ping_status":"closed","sticky":false,"template":"","format":"standard","meta":{"_bbp_topic_count":0,"_bbp_reply_count":0,"_bbp_total_topic_count":0,"_bbp_total_reply_count":0,"_bbp_voice_count":0,"_bbp_anonymous_reply_count":0,"_bbp_topic_count_hidden":0,"_bbp_reply_count_hidden":0,"_bbp_forum_subforum_count":0,"footnotes":""},"categories":[128,127,2,1,4,5],"tags":[],"class_list":["post-6292","post","type-post","status-publish","format-standard","has-post-thumbnail","hentry","category-comunitat-de-grans","category-comunitat-de-mitjans","category-infantil","category-general","category-portada","category-primaria"],"post_mailing_queue_ids":[],"_links":{"self":[{"href":"https:\/\/agora.xtec.cat\/escolalavilapalamos\/wp-json\/wp\/v2\/posts\/6292","targetHints":{"allow":["GET"]}}],"collection":[{"href":"https:\/\/agora.xtec.cat\/escolalavilapalamos\/wp-json\/wp\/v2\/posts"}],"about":[{"href":"https:\/\/agora.xtec.cat\/escolalavilapalamos\/wp-json\/wp\/v2\/types\/post"}],"author":[{"embeddable":true,"href":"https:\/\/agora.xtec.cat\/escolalavilapalamos\/wp-json\/wp\/v2\/users\/1"}],"replies":[{"embeddable":true,"href":"https:\/\/agora.xtec.cat\/escolalavilapalamos\/wp-json\/wp\/v2\/comments?post=6292"}],"version-history":[{"count":1,"href":"https:\/\/agora.xtec.cat\/escolalavilapalamos\/wp-json\/wp\/v2\/posts\/6292\/revisions"}],"predecessor-version":[{"id":6293,"href":"https:\/\/agora.xtec.cat\/escolalavilapalamos\/wp-json\/wp\/v2\/posts\/6292\/revisions\/6293"}],"wp:featuredmedia":[{"embeddable":true,"href":"https:\/\/agora.xtec.cat\/escolalavilapalamos\/wp-json\/wp\/v2\/media\/6255"}],"wp:attachment":[{"href":"https:\/\/agora.xtec.cat\/escolalavilapalamos\/wp-json\/wp\/v2\/media?parent=6292"}],"wp:term":[{"taxonomy":"category","embeddable":true,"href":"https:\/\/agora.xtec.cat\/escolalavilapalamos\/wp-json\/wp\/v2\/categories?post=6292"},{"taxonomy":"post_tag","embeddable":true,"href":"https:\/\/agora.xtec.cat\/escolalavilapalamos\/wp-json\/wp\/v2\/tags?post=6292"}],"curies":[{"name":"wp","href":"https:\/\/api.w.org\/{rel}","templated":true}]}}