{"id":6287,"date":"2019-09-18T20:32:36","date_gmt":"2019-09-18T18:32:36","guid":{"rendered":"http:\/\/agora.xtec.cat\/escolalavilapalamos\/?p=6287"},"modified":"2019-09-18T20:34:02","modified_gmt":"2019-09-18T18:34:02","slug":"cinema-a-la-fresca-a-lescola-3","status":"publish","type":"post","link":"https:\/\/agora.xtec.cat\/escolalavilapalamos\/general\/cinema-a-la-fresca-a-lescola-3\/","title":{"rendered":"Cinema a la fresca a l&#8217;escola"},"content":{"rendered":"<p><a href=\"https:\/\/agora.xtec.cat\/escolalavilapalamos\/wp-content\/uploads\/usu897\/2019\/09\/Vaian.jpeg\"><img loading=\"lazy\" decoding=\"async\" class=\"wp-image-6288 alignright\" src=\"https:\/\/agora.xtec.cat\/escolalavilapalamos\/wp-content\/uploads\/usu897\/2019\/09\/Vaian-1024x577.jpeg\" alt=\"\" width=\"485\" height=\"273\" srcset=\"https:\/\/agora.xtec.cat\/escolalavilapalamos\/wp-content\/uploads\/usu897\/2019\/09\/Vaian.jpeg 1024w, https:\/\/agora.xtec.cat\/escolalavilapalamos\/wp-content\/uploads\/usu897\/2019\/09\/Vaian-300x169.jpeg 300w, https:\/\/agora.xtec.cat\/escolalavilapalamos\/wp-content\/uploads\/usu897\/2019\/09\/Vaian-768x433.jpeg 768w\" sizes=\"auto, (max-width: 485px) 100vw, 485px\" \/><\/a>, veniu a l&#8217;escola La Vila per veure la pel\u00b7l\u00edcula <em><strong>Vaiana ( en catal\u00e0 )<\/strong>\u00a0<\/em> amb fam\u00edlia i amics!<br \/>\nObrirem portes a les 20h i oferirem servei de bar amb begudes i menjar (bikinis dol\u00e7os i salats, creps, crispetes,&#8230;) pels que vulgueu sopar.<br \/>\nPodeu convidar a tota la fam\u00edlia, amics i ve\u00efns.<\/p>\n<p>L&#8217;entrada \u00e9s lliure i gratu\u00efta.En benefici del viatge de fi de curs dels alumnes de 5\u00e8<\/p>\n<p>Organitza: 5AFA, AMPA i Escola La Vila<\/p>\n","protected":false},"excerpt":{"rendered":"<p><a href=\"https:\/\/agora.xtec.cat\/escolalavilapalamos\/wp-content\/uploads\/usu897\/2019\/09\/Vaian.jpeg\"><\/a>, veniu a l&#8217;escola La Vila per veure la pel\u00b7l\u00edcula Vaiana ( en catal\u00e0 )\u00a0 amb fam\u00edlia i amics!<br \/>\nObrirem portes a les 20h i oferirem servei de bar amb begudes i menjar (bikinis dol\u00e7os i salats, creps, crispetes,&#8230;) pels que vulgueu sopar.<br \/>\nPodeu convidar a&hellip;  <a href=\"https:\/\/agora.xtec.cat\/escolalavilapalamos\/general\/cinema-a-la-fresca-a-lescola-3\/\" title=\"Read Cinema a la fresca a l&#8217;escola\">Llegeix m\u00e9s\u00bb<\/a><\/p>\n","protected":false},"author":1,"featured_media":6288,"comment_status":"open","ping_status":"closed","sticky":false,"template":"","format":"standard","meta":{"_bbp_topic_count":0,"_bbp_reply_count":0,"_bbp_total_topic_count":0,"_bbp_total_reply_count":0,"_bbp_voice_count":0,"_bbp_anonymous_reply_count":0,"_bbp_topic_count_hidden":0,"_bbp_reply_count_hidden":0,"_bbp_forum_subforum_count":0,"footnotes":""},"categories":[2,1,4,5],"tags":[],"class_list":["post-6287","post","type-post","status-publish","format-standard","has-post-thumbnail","hentry","category-infantil","category-general","category-portada","category-primaria"],"post_mailing_queue_ids":[],"_links":{"self":[{"href":"https:\/\/agora.xtec.cat\/escolalavilapalamos\/wp-json\/wp\/v2\/posts\/6287","targetHints":{"allow":["GET"]}}],"collection":[{"href":"https:\/\/agora.xtec.cat\/escolalavilapalamos\/wp-json\/wp\/v2\/posts"}],"about":[{"href":"https:\/\/agora.xtec.cat\/escolalavilapalamos\/wp-json\/wp\/v2\/types\/post"}],"author":[{"embeddable":true,"href":"https:\/\/agora.xtec.cat\/escolalavilapalamos\/wp-json\/wp\/v2\/users\/1"}],"replies":[{"embeddable":true,"href":"https:\/\/agora.xtec.cat\/escolalavilapalamos\/wp-json\/wp\/v2\/comments?post=6287"}],"version-history":[{"count":1,"href":"https:\/\/agora.xtec.cat\/escolalavilapalamos\/wp-json\/wp\/v2\/posts\/6287\/revisions"}],"predecessor-version":[{"id":6289,"href":"https:\/\/agora.xtec.cat\/escolalavilapalamos\/wp-json\/wp\/v2\/posts\/6287\/revisions\/6289"}],"wp:featuredmedia":[{"embeddable":true,"href":"https:\/\/agora.xtec.cat\/escolalavilapalamos\/wp-json\/wp\/v2\/media\/6288"}],"wp:attachment":[{"href":"https:\/\/agora.xtec.cat\/escolalavilapalamos\/wp-json\/wp\/v2\/media?parent=6287"}],"wp:term":[{"taxonomy":"category","embeddable":true,"href":"https:\/\/agora.xtec.cat\/escolalavilapalamos\/wp-json\/wp\/v2\/categories?post=6287"},{"taxonomy":"post_tag","embeddable":true,"href":"https:\/\/agora.xtec.cat\/escolalavilapalamos\/wp-json\/wp\/v2\/tags?post=6287"}],"curies":[{"name":"wp","href":"https:\/\/api.w.org\/{rel}","templated":true}]}}