{"id":6282,"date":"2020-10-09T17:00:45","date_gmt":"2020-10-09T15:00:45","guid":{"rendered":"http:\/\/agora.xtec.cat\/escolalavilapalamos\/?p=6282"},"modified":"2020-10-13T11:10:25","modified_gmt":"2020-10-13T09:10:25","slug":"reunio-del-menjador-escolar-2","status":"publish","type":"post","link":"https:\/\/agora.xtec.cat\/escolalavilapalamos\/general\/reunio-del-menjador-escolar-2\/","title":{"rendered":"Reuni\u00f3 del Menjador Escolar"},"content":{"rendered":"<p><a href=\"http:\/\/agora.xtec.cat\/escolalavilapalamos\/wp-content\/uploads\/usu897\/2014\/10\/foto-activitats.png\"><img loading=\"lazy\" decoding=\"async\" class=\"wp-image-1902 alignleft\" src=\"http:\/\/agora.xtec.cat\/escolalavilapalamos\/wp-content\/uploads\/usu897\/2014\/10\/foto-activitats.png\" alt=\"\" width=\"234\" height=\"381\" srcset=\"https:\/\/agora.xtec.cat\/escolalavilapalamos\/wp-content\/uploads\/usu897\/2014\/10\/foto-activitats.png 352w, https:\/\/agora.xtec.cat\/escolalavilapalamos\/wp-content\/uploads\/usu897\/2014\/10\/foto-activitats-185x300.png 185w\" sizes=\"auto, (max-width: 234px) 100vw, 234px\" \/><\/a>Dimecres 14 d&#8217;octubre a les 18 h tindr\u00e0 lloc la reuni\u00f3 informativa sobre el <strong>menjador escolar <\/strong>.<\/p>\n<p>La reuni\u00f3 ser\u00e0 per vidoconfer\u00e8ncia i comptarem amb la pres\u00e8ncia de Vicen\u00e7 Sell\u00e9s (Eurest), Pilar Ortega (Coordinadora del menjador) i la Pepi Moreno (cuinera).<\/p>\n<p><a href=\"https:\/\/meet.google.com\/foy-minh-rro\">Enlla\u00e7 a la videoconfer\u00e8ncia<\/a><\/p>\n<p>Aquest curs 20-21 el Servei de Menjador est\u00e0 gestionat per l&#8217;empresa Scolarest dins el contracte de gesti\u00f3 signat amb el Consell Comarcal del Baix Empord\u00e0.<\/p>\n<p>En aquesta trobada l&#8217;empresa explicar\u00e0 el Projecte educatiu del servei i atendr\u00e0 a tots els dubtes de les fam\u00edlies usu\u00e0ries del Menjador Escolar<\/p>\n<p>M\u00e9s informaci\u00f3 a la web d&#8217;<a href=\"http:\/\/www.scolarest.es\/ca\/campanya_educativa\/index.htm?y=#first\">Scolarest<\/a>.<\/p>\n<p>Podeu veure <a href=\"https:\/\/drive.google.com\/file\/d\/1KfsZsBqZhzabWvtRrL8wCWPssdpzypJ4\/view?usp=sharing\">la presentaci\u00f3 de la reuni\u00f3 aqu\u00ed<\/a><\/p>\n","protected":false},"excerpt":{"rendered":"<p><a href=\"http:\/\/agora.xtec.cat\/escolalavilapalamos\/wp-content\/uploads\/usu897\/2014\/10\/foto-activitats.png\"><\/a>Dimecres 14 d&#8217;octubre a les 18 h tindr\u00e0 lloc la reuni\u00f3 informativa sobre el menjador escolar .<br \/>\nLa reuni\u00f3 ser\u00e0 per vidoconfer\u00e8ncia i comptarem amb la pres\u00e8ncia de Vicen\u00e7 Sell\u00e9s (Eurest), Pilar Ortega (Coordinadora del menjador) i la Pepi Moreno (cuinera).<br \/>\n<a href=\"https:\/\/meet.google.com\/foy-minh-rro\">Enlla\u00e7 a la videoconfer\u00e8ncia<\/a><br \/>\nAquest&hellip;  <a href=\"https:\/\/agora.xtec.cat\/escolalavilapalamos\/general\/reunio-del-menjador-escolar-2\/\" title=\"Read Reuni\u00f3 del Menjador Escolar\">Llegeix m\u00e9s\u00bb<\/a><\/p>\n","protected":false},"author":1,"featured_media":1902,"comment_status":"open","ping_status":"closed","sticky":false,"template":"","format":"standard","meta":{"_bbp_topic_count":0,"_bbp_reply_count":0,"_bbp_total_topic_count":0,"_bbp_total_reply_count":0,"_bbp_voice_count":0,"_bbp_anonymous_reply_count":0,"_bbp_topic_count_hidden":0,"_bbp_reply_count_hidden":0,"_bbp_forum_subforum_count":0,"footnotes":""},"categories":[2,1,4,5],"tags":[],"class_list":["post-6282","post","type-post","status-publish","format-standard","has-post-thumbnail","hentry","category-infantil","category-general","category-portada","category-primaria"],"post_mailing_queue_ids":[],"_links":{"self":[{"href":"https:\/\/agora.xtec.cat\/escolalavilapalamos\/wp-json\/wp\/v2\/posts\/6282","targetHints":{"allow":["GET"]}}],"collection":[{"href":"https:\/\/agora.xtec.cat\/escolalavilapalamos\/wp-json\/wp\/v2\/posts"}],"about":[{"href":"https:\/\/agora.xtec.cat\/escolalavilapalamos\/wp-json\/wp\/v2\/types\/post"}],"author":[{"embeddable":true,"href":"https:\/\/agora.xtec.cat\/escolalavilapalamos\/wp-json\/wp\/v2\/users\/1"}],"replies":[{"embeddable":true,"href":"https:\/\/agora.xtec.cat\/escolalavilapalamos\/wp-json\/wp\/v2\/comments?post=6282"}],"version-history":[{"count":3,"href":"https:\/\/agora.xtec.cat\/escolalavilapalamos\/wp-json\/wp\/v2\/posts\/6282\/revisions"}],"predecessor-version":[{"id":7998,"href":"https:\/\/agora.xtec.cat\/escolalavilapalamos\/wp-json\/wp\/v2\/posts\/6282\/revisions\/7998"}],"wp:featuredmedia":[{"embeddable":true,"href":"https:\/\/agora.xtec.cat\/escolalavilapalamos\/wp-json\/wp\/v2\/media\/1902"}],"wp:attachment":[{"href":"https:\/\/agora.xtec.cat\/escolalavilapalamos\/wp-json\/wp\/v2\/media?parent=6282"}],"wp:term":[{"taxonomy":"category","embeddable":true,"href":"https:\/\/agora.xtec.cat\/escolalavilapalamos\/wp-json\/wp\/v2\/categories?post=6282"},{"taxonomy":"post_tag","embeddable":true,"href":"https:\/\/agora.xtec.cat\/escolalavilapalamos\/wp-json\/wp\/v2\/tags?post=6282"}],"curies":[{"name":"wp","href":"https:\/\/api.w.org\/{rel}","templated":true}]}}