{"id":6275,"date":"2019-09-09T10:47:34","date_gmt":"2019-09-09T08:47:34","guid":{"rendered":"http:\/\/agora.xtec.cat\/escolalavilapalamos\/?p=6275"},"modified":"2019-09-09T10:47:34","modified_gmt":"2019-09-09T08:47:34","slug":"tramitacio-ajuts-de-menjador-escolar-fora-de-termini-curs-2019-2020","status":"publish","type":"post","link":"https:\/\/agora.xtec.cat\/escolalavilapalamos\/general\/tramitacio-ajuts-de-menjador-escolar-fora-de-termini-curs-2019-2020\/","title":{"rendered":"Tramitaci\u00f3 ajuts de menjador escolar fora de termini &#8211; Curs 2019-2020"},"content":{"rendered":"<p><a href=\"https:\/\/agora.xtec.cat\/escolalavilapalamos\/wp-content\/uploads\/usu897\/2019\/09\/baixa.jpg\"><img loading=\"lazy\" decoding=\"async\" class=\"size-full wp-image-6276 alignright\" src=\"https:\/\/agora.xtec.cat\/escolalavilapalamos\/wp-content\/uploads\/usu897\/2019\/09\/baixa.jpg\" alt=\"\" width=\"188\" height=\"268\" \/><\/a>Fam\u00edlies interessades a sol\u00b7licitar l\u2019ajut econ\u00f2mic individual de menjador FORA DE TERMINI:<\/p>\n<p><strong>PER\u00cdODE DE PRESENTACI\u00d3 DE LES SOL\u00b7LICITUDS PER PART DE LES FAM\u00cdLIES<\/strong><\/p>\n<p>A partir de l\u20191 d\u2019octubre i durant el curs escolar s\u2019admetran sol\u00b7licituds sobrevingudes. En aquest cas els llocs de presentaci\u00f3 seran els serveis socials municipals (en el cas que s\u2019acreditin criteris socials) i el Consell Comarcal del Baix Empord\u00e0 (Oficina d\u2019Informaci\u00f3 i Atenci\u00f3 Ciutadana o seu electr\u00f2nica). En aquest cas, l\u2019ajut no s\u2019aplica en car\u00e0cter retroactiu.<\/p>\n<p><strong>LLOCS DE PRESENTACI\u00d3 DE LA SOL\u00b7LICITUD<\/strong><\/p>\n<p>Els impresos normalitzats per sol\u00b7licitar l\u2019ajut estan a disposici\u00f3 a l\u2019Oficina d\u2019Informaci\u00f3 i Atenci\u00f3 Ciutadana (OIAC) del Consell Comarcal, a l\u2019apartat de \u201cdocumentaci\u00f3\u201d de la p\u00e0gina web https:\/\/www.baixemporda.cat\/ensenyament i a la seu electr\u00f2nica d\u2019aquesta entitat.<\/p>\n<p>Les persones interessades a demanar l\u2019ajut hauran de tramitar la sol\u00b7licitud a trav\u00e9s d\u2019alguna d\u2019aquestes vies:<\/p>\n<ul>\n<li>Oficina d\u2019Informaci\u00f3 i Atenci\u00f3 Ciutadana (OIAC) del Consell Comarcal del Baix Empord\u00e0.<\/li>\n<\/ul>\n<p>Adre\u00e7a: c. Tarongers, 12, 17100 La Bisbal d\u2019Empord\u00e0<\/p>\n<p>Dies: de dilluns a divendres<\/p>\n<p>Horari: de 9 a 14 h<\/p>\n<ul>\n<li>Seu electr\u00f2nica del Consell Comarcal del Baix Empord\u00e0. Per accedir-hi i fer el tr\u00e0mit, caldr\u00e0 anar a l\u2019adre\u00e7a <a href=\"https:\/\/baixemporda.eadministracio.cat\">https:\/\/baixemporda.eadministracio.cat<\/a>, a la pestanya Cat\u00e0leg de tr\u00e0mits, i cercar el procediment Sol\u00b7licitud d\u2019ajut econ\u00f2mic individual de menjador. Dins d\u2019aquest procediment, heu d\u2019anar a la part dreta i clicar \u201cTramitaci\u00f3 electr\u00f2nica\u201d. Una vegada hi h\u00e0giu accedit, caldr\u00e0 identificar-se electr\u00f2nicament, descarregar la sol\u00b7licitud d\u2019ajut econ\u00f2mic individual de menjador escolar, emplenar-la i signar-la per tots els membres majors d\u2019edat de la unitat familiar, i adjuntar-la novament al procediment, juntament amb la documentaci\u00f3 annexa, si escau.<\/li>\n<li>Serveis socials municipals (nom\u00e9s en el cas que la persona sol\u00b7licitant pugui acreditar criteris socials).<\/li>\n<\/ul>\n<p>Per a qualsevol dubte, l\u2019horari d\u2019atenci\u00f3 al p\u00fablic de l\u2019\u00c0rea d\u2019Ensenyament \u00e9s de dimarts a divendres, de les 9 a les 14 h. Els dilluns no hi ha atenci\u00f3 al p\u00fablic.<\/p>\n<p>Les fam\u00edlies poden sol\u00b7licitar cita pr\u00e8via al tel\u00e8fon 972 64 55 59.<\/p>\n<p>La persona de contacte per al tr\u00e0mit de les beques \u00e9s l\u2019Ana Linares o Cristina Pag\u00e8s.<\/p>\n<p>Ensenyament<br \/>\nConsell Comarcal del Baix Empord\u00e0<\/p>\n<p>Pl. Joan Carreras i Dagas, 4-5 bxs &#8211; 17100 La Bisbal d\u2019Empord\u00e0<br \/>\n972 645 559<br \/>\n<a href=\"mailto:ensenyament@baixemporda.cat\">ensenyament@baixemporda.cat<\/a><br \/>\n<a href=\"http:\/\/www.baixemporda.cat\">www.baixemporda.cat<\/a><\/p>\n","protected":false},"excerpt":{"rendered":"<p><a href=\"https:\/\/agora.xtec.cat\/escolalavilapalamos\/wp-content\/uploads\/usu897\/2019\/09\/baixa.jpg\"><\/a>Fam\u00edlies interessades a sol\u00b7licitar l\u2019ajut econ\u00f2mic individual de menjador FORA DE TERMINI:<br \/>\nPER\u00cdODE DE PRESENTACI\u00d3 DE LES SOL\u00b7LICITUDS PER PART DE LES FAM\u00cdLIES<br \/>\nA partir de l\u20191 d\u2019octubre i durant el curs escolar s\u2019admetran sol\u00b7licituds sobrevingudes. En aquest cas els llocs de presentaci\u00f3 seran els serveis&hellip;  <a href=\"https:\/\/agora.xtec.cat\/escolalavilapalamos\/general\/tramitacio-ajuts-de-menjador-escolar-fora-de-termini-curs-2019-2020\/\" title=\"Read Tramitaci\u00f3 ajuts de menjador escolar fora de termini &#8211; Curs 2019-2020\">Llegeix m\u00e9s\u00bb<\/a><\/p>\n","protected":false},"author":1,"featured_media":6276,"comment_status":"open","ping_status":"closed","sticky":false,"template":"","format":"standard","meta":{"_bbp_topic_count":0,"_bbp_reply_count":0,"_bbp_total_topic_count":0,"_bbp_total_reply_count":0,"_bbp_voice_count":0,"_bbp_anonymous_reply_count":0,"_bbp_topic_count_hidden":0,"_bbp_reply_count_hidden":0,"_bbp_forum_subforum_count":0,"footnotes":""},"categories":[1,4,5],"tags":[],"class_list":["post-6275","post","type-post","status-publish","format-standard","has-post-thumbnail","hentry","category-general","category-portada","category-primaria"],"post_mailing_queue_ids":[],"_links":{"self":[{"href":"https:\/\/agora.xtec.cat\/escolalavilapalamos\/wp-json\/wp\/v2\/posts\/6275","targetHints":{"allow":["GET"]}}],"collection":[{"href":"https:\/\/agora.xtec.cat\/escolalavilapalamos\/wp-json\/wp\/v2\/posts"}],"about":[{"href":"https:\/\/agora.xtec.cat\/escolalavilapalamos\/wp-json\/wp\/v2\/types\/post"}],"author":[{"embeddable":true,"href":"https:\/\/agora.xtec.cat\/escolalavilapalamos\/wp-json\/wp\/v2\/users\/1"}],"replies":[{"embeddable":true,"href":"https:\/\/agora.xtec.cat\/escolalavilapalamos\/wp-json\/wp\/v2\/comments?post=6275"}],"version-history":[{"count":1,"href":"https:\/\/agora.xtec.cat\/escolalavilapalamos\/wp-json\/wp\/v2\/posts\/6275\/revisions"}],"predecessor-version":[{"id":6277,"href":"https:\/\/agora.xtec.cat\/escolalavilapalamos\/wp-json\/wp\/v2\/posts\/6275\/revisions\/6277"}],"wp:featuredmedia":[{"embeddable":true,"href":"https:\/\/agora.xtec.cat\/escolalavilapalamos\/wp-json\/wp\/v2\/media\/6276"}],"wp:attachment":[{"href":"https:\/\/agora.xtec.cat\/escolalavilapalamos\/wp-json\/wp\/v2\/media?parent=6275"}],"wp:term":[{"taxonomy":"category","embeddable":true,"href":"https:\/\/agora.xtec.cat\/escolalavilapalamos\/wp-json\/wp\/v2\/categories?post=6275"},{"taxonomy":"post_tag","embeddable":true,"href":"https:\/\/agora.xtec.cat\/escolalavilapalamos\/wp-json\/wp\/v2\/tags?post=6275"}],"curies":[{"name":"wp","href":"https:\/\/api.w.org\/{rel}","templated":true}]}}