{"id":6270,"date":"2019-09-04T10:37:21","date_gmt":"2019-09-04T08:37:21","guid":{"rendered":"http:\/\/agora.xtec.cat\/escolalavilapalamos\/?p=6270"},"modified":"2019-09-04T10:39:44","modified_gmt":"2019-09-04T08:39:44","slug":"cinema-a-la-fresca-a-lescola","status":"publish","type":"post","link":"https:\/\/agora.xtec.cat\/escolalavilapalamos\/general\/cinema-a-la-fresca-a-lescola\/","title":{"rendered":"Cinema a la fresca a l&#8217;escola"},"content":{"rendered":"<p><a href=\"https:\/\/agora.xtec.cat\/escolalavilapalamos\/wp-content\/uploads\/usu897\/2019\/09\/5127fdb1-1313-4a26-af97-24d9fdfa549b.jpg\"><img loading=\"lazy\" decoding=\"async\" class=\"wp-image-6271 alignright\" src=\"https:\/\/agora.xtec.cat\/escolalavilapalamos\/wp-content\/uploads\/usu897\/2019\/09\/5127fdb1-1313-4a26-af97-24d9fdfa549b-1024x577.jpg\" alt=\"\" width=\"489\" height=\"276\" srcset=\"https:\/\/agora.xtec.cat\/escolalavilapalamos\/wp-content\/uploads\/usu897\/2019\/09\/5127fdb1-1313-4a26-af97-24d9fdfa549b-1024x577.jpg 1024w, https:\/\/agora.xtec.cat\/escolalavilapalamos\/wp-content\/uploads\/usu897\/2019\/09\/5127fdb1-1313-4a26-af97-24d9fdfa549b-300x169.jpg 300w, https:\/\/agora.xtec.cat\/escolalavilapalamos\/wp-content\/uploads\/usu897\/2019\/09\/5127fdb1-1313-4a26-af97-24d9fdfa549b-768x433.jpg 768w, https:\/\/agora.xtec.cat\/escolalavilapalamos\/wp-content\/uploads\/usu897\/2019\/09\/5127fdb1-1313-4a26-af97-24d9fdfa549b.jpg 1600w\" sizes=\"auto, (max-width: 489px) 100vw, 489px\" \/><\/a><br \/>\nAquest dijous 5 de setembre, veniu a l&#8217;escola La Vila per veure la pel\u00b7l\u00edcula <em>Coco<\/em> amb fam\u00edlia i amics!<br \/>\nObrirem portes a les 20h i oferirem servei de bar amb begudes i menjar (bikinis dol\u00e7os i salats, creps, crispetes,&#8230;) pels que vulgueu sopar.<br \/>\nPodeu convidar a tota la fam\u00edlia, amics i ve\u00efns.<\/p>\n<p>L&#8217;entrada \u00e9s lliure i gratu\u00efta.En benefici del viatge de fi de curs dels alumnes de 5\u00e8<\/p>\n<p>Organitza: 5AFA, AMPA i Escola La Vila<\/p>\n","protected":false},"excerpt":{"rendered":"<p><a href=\"https:\/\/agora.xtec.cat\/escolalavilapalamos\/wp-content\/uploads\/usu897\/2019\/09\/5127fdb1-1313-4a26-af97-24d9fdfa549b.jpg\"><\/a><br \/>\nAquest dijous 5 de setembre, veniu a l&#8217;escola La Vila per veure la pel\u00b7l\u00edcula Coco amb fam\u00edlia i amics!<br \/>\nObrirem portes a les 20h i oferirem servei de bar amb begudes i menjar (bikinis dol\u00e7os i salats, creps, crispetes,&#8230;) pels que vulgueu sopar.<br \/>\nPodeu convidar a&hellip;  <a href=\"https:\/\/agora.xtec.cat\/escolalavilapalamos\/general\/cinema-a-la-fresca-a-lescola\/\" title=\"Read Cinema a la fresca a l&#8217;escola\">Llegeix m\u00e9s\u00bb<\/a><\/p>\n","protected":false},"author":1,"featured_media":6274,"comment_status":"open","ping_status":"closed","sticky":false,"template":"","format":"standard","meta":{"_bbp_topic_count":0,"_bbp_reply_count":0,"_bbp_total_topic_count":0,"_bbp_total_reply_count":0,"_bbp_voice_count":0,"_bbp_anonymous_reply_count":0,"_bbp_topic_count_hidden":0,"_bbp_reply_count_hidden":0,"_bbp_forum_subforum_count":0,"footnotes":""},"categories":[2,1,4,5],"tags":[],"class_list":["post-6270","post","type-post","status-publish","format-standard","has-post-thumbnail","hentry","category-infantil","category-general","category-portada","category-primaria"],"post_mailing_queue_ids":[],"_links":{"self":[{"href":"https:\/\/agora.xtec.cat\/escolalavilapalamos\/wp-json\/wp\/v2\/posts\/6270","targetHints":{"allow":["GET"]}}],"collection":[{"href":"https:\/\/agora.xtec.cat\/escolalavilapalamos\/wp-json\/wp\/v2\/posts"}],"about":[{"href":"https:\/\/agora.xtec.cat\/escolalavilapalamos\/wp-json\/wp\/v2\/types\/post"}],"author":[{"embeddable":true,"href":"https:\/\/agora.xtec.cat\/escolalavilapalamos\/wp-json\/wp\/v2\/users\/1"}],"replies":[{"embeddable":true,"href":"https:\/\/agora.xtec.cat\/escolalavilapalamos\/wp-json\/wp\/v2\/comments?post=6270"}],"version-history":[{"count":1,"href":"https:\/\/agora.xtec.cat\/escolalavilapalamos\/wp-json\/wp\/v2\/posts\/6270\/revisions"}],"predecessor-version":[{"id":6273,"href":"https:\/\/agora.xtec.cat\/escolalavilapalamos\/wp-json\/wp\/v2\/posts\/6270\/revisions\/6273"}],"wp:featuredmedia":[{"embeddable":true,"href":"https:\/\/agora.xtec.cat\/escolalavilapalamos\/wp-json\/wp\/v2\/media\/6274"}],"wp:attachment":[{"href":"https:\/\/agora.xtec.cat\/escolalavilapalamos\/wp-json\/wp\/v2\/media?parent=6270"}],"wp:term":[{"taxonomy":"category","embeddable":true,"href":"https:\/\/agora.xtec.cat\/escolalavilapalamos\/wp-json\/wp\/v2\/categories?post=6270"},{"taxonomy":"post_tag","embeddable":true,"href":"https:\/\/agora.xtec.cat\/escolalavilapalamos\/wp-json\/wp\/v2\/tags?post=6270"}],"curies":[{"name":"wp","href":"https:\/\/api.w.org\/{rel}","templated":true}]}}