{"id":6241,"date":"2019-06-21T15:04:03","date_gmt":"2019-06-21T13:04:03","guid":{"rendered":"http:\/\/agora.xtec.cat\/escolalavilapalamos\/?p=6241"},"modified":"2019-06-27T14:40:22","modified_gmt":"2019-06-27T12:40:22","slug":"festa-major-de-palamos-2","status":"publish","type":"post","link":"https:\/\/agora.xtec.cat\/escolalavilapalamos\/general\/festa-major-de-palamos-2\/","title":{"rendered":"Festa Major de Palam\u00f3s"},"content":{"rendered":"<p><a href=\"https:\/\/agora.xtec.cat\/escolalavilapalamos\/wp-content\/uploads\/usu897\/2019\/06\/3-CartellsFestaMajorPalamos2019_GUANYADOR_P\u00e1gina_2.jpg\"><img loading=\"lazy\" decoding=\"async\" class=\"wp-image-6242 alignright\" src=\"https:\/\/agora.xtec.cat\/escolalavilapalamos\/wp-content\/uploads\/usu897\/2019\/06\/3-CartellsFestaMajorPalamos2019_GUANYADOR_P\u00e1gina_2-1024x1024.jpg\" alt=\"\" width=\"374\" height=\"374\" srcset=\"https:\/\/agora.xtec.cat\/escolalavilapalamos\/wp-content\/uploads\/usu897\/2019\/06\/3-CartellsFestaMajorPalamos2019_GUANYADOR_P\u00e1gina_2-1024x1024.jpg 1024w, https:\/\/agora.xtec.cat\/escolalavilapalamos\/wp-content\/uploads\/usu897\/2019\/06\/3-CartellsFestaMajorPalamos2019_GUANYADOR_P\u00e1gina_2-150x150.jpg 150w, https:\/\/agora.xtec.cat\/escolalavilapalamos\/wp-content\/uploads\/usu897\/2019\/06\/3-CartellsFestaMajorPalamos2019_GUANYADOR_P\u00e1gina_2-300x300.jpg 300w, https:\/\/agora.xtec.cat\/escolalavilapalamos\/wp-content\/uploads\/usu897\/2019\/06\/3-CartellsFestaMajorPalamos2019_GUANYADOR_P\u00e1gina_2-768x768.jpg 768w, https:\/\/agora.xtec.cat\/escolalavilapalamos\/wp-content\/uploads\/usu897\/2019\/06\/3-CartellsFestaMajorPalamos2019_GUANYADOR_P\u00e1gina_2.jpg 1772w\" sizes=\"auto, (max-width: 374px) 100vw, 374px\" \/><\/a>Torna Sant Joan, i\u00a0<strong>amb Sant Joan torna la Festa Major de Palam\u00f3s<\/strong>, m\u00e9s d\u2019una setmana plena d\u2019activitats pensades per a tota la fam\u00edlia, concerts, castells, animaci\u00f3 infantil, fogueres de Sant Joan, revetlles, barraques,\u2026. un no parar!!!<\/p>\n<p>Com cada any Palam\u00f3s dona el tret de sortida a l\u2019estiu amb la Festa Major, que un any m\u00e9s ve carregada d\u2019activitats per gaudir del bon temps! Durant tota la setmana hi haur\u00e0 <strong>activitats infantils al carrer, visites guiades als principals punts hist\u00f2rics del municipi, actuacions teatrals, m\u00fasica en directe, les barraques a la platja<\/strong> i un llarg ventall d\u2019activitats.<\/p>\n<p>Diumenge 23 arriba la flama del Canig\u00f3 i hi haur\u00e0 sopar i revetlla al barri de Sant Joan.<\/p>\n<p>Les <strong>barraques<\/strong> s\u2019instal\u00b7laran a la platja a partir de <strong>divendres 21 fins dimecres 26 de juny<\/strong>.<\/p>\n<p>Com cada any els actes de Festa Major clouran amb els <strong>focs artificials dimecres 26 de juny<\/strong> a les 23.30 a la platja gran a c\u00e0rrec de la pirot\u00e8cnia Igual.<\/p>\n<p>I durant tota la setmana activitats infantils, mostra i trobada de gegants, ballades de sardanes, concerts de jazz, festa holi, remullada i un munt d\u2019activitats m\u00e9s que podreu consultar al <a href=\"http:\/\/www.visitpalamos.cat\/wordpress\/wp-content\/uploads\/2019\/05\/Programa-Festa-Major-Palam%C3%B3s-2019.pdf\"><strong>programa de Festa Major<\/strong><\/a>.<\/p>\n","protected":false},"excerpt":{"rendered":"<p><a href=\"https:\/\/agora.xtec.cat\/escolalavilapalamos\/wp-content\/uploads\/usu897\/2019\/06\/3-CartellsFestaMajorPalamos2019_GUANYADOR_P\u00e1gina_2.jpg\"><\/a>Torna Sant Joan, i\u00a0amb Sant Joan torna la Festa Major de Palam\u00f3s, m\u00e9s d\u2019una setmana plena d\u2019activitats pensades per a tota la fam\u00edlia, concerts, castells, animaci\u00f3 infantil, fogueres de Sant Joan, revetlles, barraques,\u2026. un no parar!!!<br \/>\nCom cada any Palam\u00f3s dona el tret de sortida&hellip;  <a href=\"https:\/\/agora.xtec.cat\/escolalavilapalamos\/general\/festa-major-de-palamos-2\/\" title=\"Read Festa Major de Palam\u00f3s\">Llegeix m\u00e9s\u00bb<\/a><\/p>\n","protected":false},"author":1,"featured_media":6242,"comment_status":"open","ping_status":"closed","sticky":false,"template":"","format":"standard","meta":{"_bbp_topic_count":0,"_bbp_reply_count":0,"_bbp_total_topic_count":0,"_bbp_total_reply_count":0,"_bbp_voice_count":0,"_bbp_anonymous_reply_count":0,"_bbp_topic_count_hidden":0,"_bbp_reply_count_hidden":0,"_bbp_forum_subforum_count":0,"footnotes":""},"categories":[1,4],"tags":[],"class_list":["post-6241","post","type-post","status-publish","format-standard","has-post-thumbnail","hentry","category-general","category-portada"],"post_mailing_queue_ids":[],"_links":{"self":[{"href":"https:\/\/agora.xtec.cat\/escolalavilapalamos\/wp-json\/wp\/v2\/posts\/6241","targetHints":{"allow":["GET"]}}],"collection":[{"href":"https:\/\/agora.xtec.cat\/escolalavilapalamos\/wp-json\/wp\/v2\/posts"}],"about":[{"href":"https:\/\/agora.xtec.cat\/escolalavilapalamos\/wp-json\/wp\/v2\/types\/post"}],"author":[{"embeddable":true,"href":"https:\/\/agora.xtec.cat\/escolalavilapalamos\/wp-json\/wp\/v2\/users\/1"}],"replies":[{"embeddable":true,"href":"https:\/\/agora.xtec.cat\/escolalavilapalamos\/wp-json\/wp\/v2\/comments?post=6241"}],"version-history":[{"count":1,"href":"https:\/\/agora.xtec.cat\/escolalavilapalamos\/wp-json\/wp\/v2\/posts\/6241\/revisions"}],"predecessor-version":[{"id":6243,"href":"https:\/\/agora.xtec.cat\/escolalavilapalamos\/wp-json\/wp\/v2\/posts\/6241\/revisions\/6243"}],"wp:featuredmedia":[{"embeddable":true,"href":"https:\/\/agora.xtec.cat\/escolalavilapalamos\/wp-json\/wp\/v2\/media\/6242"}],"wp:attachment":[{"href":"https:\/\/agora.xtec.cat\/escolalavilapalamos\/wp-json\/wp\/v2\/media?parent=6241"}],"wp:term":[{"taxonomy":"category","embeddable":true,"href":"https:\/\/agora.xtec.cat\/escolalavilapalamos\/wp-json\/wp\/v2\/categories?post=6241"},{"taxonomy":"post_tag","embeddable":true,"href":"https:\/\/agora.xtec.cat\/escolalavilapalamos\/wp-json\/wp\/v2\/tags?post=6241"}],"curies":[{"name":"wp","href":"https:\/\/api.w.org\/{rel}","templated":true}]}}