{"id":6238,"date":"2019-06-21T09:39:59","date_gmt":"2019-06-21T07:39:59","guid":{"rendered":"http:\/\/agora.xtec.cat\/escolalavilapalamos\/?p=6238"},"modified":"2019-06-28T12:13:50","modified_gmt":"2019-06-28T10:13:50","slug":"graduacio","status":"publish","type":"post","link":"https:\/\/agora.xtec.cat\/escolalavilapalamos\/general\/graduacio\/","title":{"rendered":"Graduaci\u00f3 dels alumnes de 6\u00e8"},"content":{"rendered":"<p><iframe loading=\"lazy\" style=\"border: none;\" src=\"https:\/\/www.wevideo.com\/embed\/#1422899075\" width=\"852\" height=\"479\" frameborder=\"0\" scrolling=\"no\" allowfullscreen=\"allowfullscreen\"><span style=\"display: inline-block; width: 0px; overflow: hidden; line-height: 0;\" data-mce-type=\"bookmark\" class=\"mce_SELRES_start\">\ufeff<\/span><\/iframe><br \/>\n<iframe loading=\"lazy\" title=\"Escola La Vila Palam\u00f3s - Graduaci\u00f3 6\u00e8 juny 2019\" width=\"500\" height=\"375\" src=\"https:\/\/www.youtube.com\/embed\/JiZrlk4uh2s?feature=oembed\" frameborder=\"0\" allow=\"accelerometer; autoplay; clipboard-write; encrypted-media; gyroscope; picture-in-picture; web-share\" referrerpolicy=\"strict-origin-when-cross-origin\" allowfullscreen><\/iframe><\/p>\n<p>Podeu veure m\u00e9s fotos de final de curs <a href=\"https:\/\/photos.app.goo.gl\/uuGfigjqFgtfuPsDA\">aqu\u00ed<\/a><\/p>\n","protected":false},"excerpt":{"rendered":"<p>\ufeff<\/p>\n<p>Podeu veure m\u00e9s fotos de final de curs <a href=\"https:\/\/photos.app.goo.gl\/uuGfigjqFgtfuPsDA\">aqu\u00ed<\/a><\/p>\n","protected":false},"author":1,"featured_media":6239,"comment_status":"open","ping_status":"closed","sticky":false,"template":"","format":"standard","meta":{"_bbp_topic_count":0,"_bbp_reply_count":0,"_bbp_total_topic_count":0,"_bbp_total_reply_count":0,"_bbp_voice_count":0,"_bbp_anonymous_reply_count":0,"_bbp_topic_count_hidden":0,"_bbp_reply_count_hidden":0,"_bbp_forum_subforum_count":0,"footnotes":""},"categories":[128,1,4,5],"tags":[],"class_list":["post-6238","post","type-post","status-publish","format-standard","has-post-thumbnail","hentry","category-comunitat-de-grans","category-general","category-portada","category-primaria"],"post_mailing_queue_ids":[],"_links":{"self":[{"href":"https:\/\/agora.xtec.cat\/escolalavilapalamos\/wp-json\/wp\/v2\/posts\/6238","targetHints":{"allow":["GET"]}}],"collection":[{"href":"https:\/\/agora.xtec.cat\/escolalavilapalamos\/wp-json\/wp\/v2\/posts"}],"about":[{"href":"https:\/\/agora.xtec.cat\/escolalavilapalamos\/wp-json\/wp\/v2\/types\/post"}],"author":[{"embeddable":true,"href":"https:\/\/agora.xtec.cat\/escolalavilapalamos\/wp-json\/wp\/v2\/users\/1"}],"replies":[{"embeddable":true,"href":"https:\/\/agora.xtec.cat\/escolalavilapalamos\/wp-json\/wp\/v2\/comments?post=6238"}],"version-history":[{"count":3,"href":"https:\/\/agora.xtec.cat\/escolalavilapalamos\/wp-json\/wp\/v2\/posts\/6238\/revisions"}],"predecessor-version":[{"id":6251,"href":"https:\/\/agora.xtec.cat\/escolalavilapalamos\/wp-json\/wp\/v2\/posts\/6238\/revisions\/6251"}],"wp:featuredmedia":[{"embeddable":true,"href":"https:\/\/agora.xtec.cat\/escolalavilapalamos\/wp-json\/wp\/v2\/media\/6239"}],"wp:attachment":[{"href":"https:\/\/agora.xtec.cat\/escolalavilapalamos\/wp-json\/wp\/v2\/media?parent=6238"}],"wp:term":[{"taxonomy":"category","embeddable":true,"href":"https:\/\/agora.xtec.cat\/escolalavilapalamos\/wp-json\/wp\/v2\/categories?post=6238"},{"taxonomy":"post_tag","embeddable":true,"href":"https:\/\/agora.xtec.cat\/escolalavilapalamos\/wp-json\/wp\/v2\/tags?post=6238"}],"curies":[{"name":"wp","href":"https:\/\/api.w.org\/{rel}","templated":true}]}}