{"id":6230,"date":"2019-06-20T15:07:24","date_gmt":"2019-06-20T13:07:24","guid":{"rendered":"http:\/\/agora.xtec.cat\/escolalavilapalamos\/?p=6230"},"modified":"2019-07-11T12:39:04","modified_gmt":"2019-07-11T10:39:04","slug":"avaluacio-final-del-curs-18-19","status":"publish","type":"post","link":"https:\/\/agora.xtec.cat\/escolalavilapalamos\/general\/avaluacio-final-del-curs-18-19\/","title":{"rendered":"Avaluaci\u00f3 final del curs 18-19"},"content":{"rendered":"<div class=\"entry-summary\">\n<p>Benvolgudes fam\u00edlies,<a href=\"https:\/\/agora.xtec.cat\/escolalavilapalamos\/wp-content\/uploads\/usu897\/2019\/06\/12_09_2011_09_30_42_Jornada-281x300.jpg\"><img loading=\"lazy\" decoding=\"async\" class=\" wp-image-6232 alignright\" src=\"https:\/\/agora.xtec.cat\/escolalavilapalamos\/wp-content\/uploads\/usu897\/2019\/06\/12_09_2011_09_30_42_Jornada-281x300.jpg\" alt=\"\" width=\"245\" height=\"262\" \/><\/a><\/p>\n<p>les escoles p\u00fabliques de Catalunya hem tingut greus problemes amb<strong> la plataforma Esfer@ de gesti\u00f3 de notes dels alumnes<\/strong>. \u00c9s per aquest motiu i per causes completament alienes al centre, no us podem fer entrega de l\u2019informe final del curs 2018-19 en la data prevista.<\/p>\n<p><strong>Les notes finals del curs 2018-19 es poden recollir el dijous 11 i divendres 12 de juliol de 2019 en horari de 9 a 14 h.<\/strong><\/p>\n<p>M\u00e9s informaci\u00f3 sobre l\u2019avaluaci\u00f3 a la <a href=\"http:\/\/familiaiescola.gencat.cat\/ca\/escolaritat\/etapes-educatives\/educacio-primaria\/\">web del Departament d\u2019Ensenyament<\/a><\/p>\n<\/div>\n","protected":false},"excerpt":{"rendered":"<p>Benvolgudes fam\u00edlies,<a href=\"https:\/\/agora.xtec.cat\/escolalavilapalamos\/wp-content\/uploads\/usu897\/2019\/06\/12_09_2011_09_30_42_Jornada-281x300.jpg\"><\/a><br \/>\nles escoles p\u00fabliques de Catalunya hem tingut greus problemes amb la plataforma Esfer@ de gesti\u00f3 de notes dels alumnes. \u00c9s per aquest motiu i per causes completament alienes al centre, no us podem fer entrega de l\u2019informe final del curs 2018-19 en la&hellip;  <a href=\"https:\/\/agora.xtec.cat\/escolalavilapalamos\/general\/avaluacio-final-del-curs-18-19\/\" title=\"Read Avaluaci\u00f3 final del curs 18-19\">Llegeix m\u00e9s\u00bb<\/a><\/p>\n","protected":false},"author":1,"featured_media":6232,"comment_status":"open","ping_status":"closed","sticky":false,"template":"","format":"standard","meta":{"_bbp_topic_count":0,"_bbp_reply_count":0,"_bbp_total_topic_count":0,"_bbp_total_reply_count":0,"_bbp_voice_count":0,"_bbp_anonymous_reply_count":0,"_bbp_topic_count_hidden":0,"_bbp_reply_count_hidden":0,"_bbp_forum_subforum_count":0,"footnotes":""},"categories":[2,1,4,5],"tags":[],"class_list":["post-6230","post","type-post","status-publish","format-standard","has-post-thumbnail","hentry","category-infantil","category-general","category-portada","category-primaria"],"post_mailing_queue_ids":[],"_links":{"self":[{"href":"https:\/\/agora.xtec.cat\/escolalavilapalamos\/wp-json\/wp\/v2\/posts\/6230","targetHints":{"allow":["GET"]}}],"collection":[{"href":"https:\/\/agora.xtec.cat\/escolalavilapalamos\/wp-json\/wp\/v2\/posts"}],"about":[{"href":"https:\/\/agora.xtec.cat\/escolalavilapalamos\/wp-json\/wp\/v2\/types\/post"}],"author":[{"embeddable":true,"href":"https:\/\/agora.xtec.cat\/escolalavilapalamos\/wp-json\/wp\/v2\/users\/1"}],"replies":[{"embeddable":true,"href":"https:\/\/agora.xtec.cat\/escolalavilapalamos\/wp-json\/wp\/v2\/comments?post=6230"}],"version-history":[{"count":3,"href":"https:\/\/agora.xtec.cat\/escolalavilapalamos\/wp-json\/wp\/v2\/posts\/6230\/revisions"}],"predecessor-version":[{"id":6265,"href":"https:\/\/agora.xtec.cat\/escolalavilapalamos\/wp-json\/wp\/v2\/posts\/6230\/revisions\/6265"}],"wp:featuredmedia":[{"embeddable":true,"href":"https:\/\/agora.xtec.cat\/escolalavilapalamos\/wp-json\/wp\/v2\/media\/6232"}],"wp:attachment":[{"href":"https:\/\/agora.xtec.cat\/escolalavilapalamos\/wp-json\/wp\/v2\/media?parent=6230"}],"wp:term":[{"taxonomy":"category","embeddable":true,"href":"https:\/\/agora.xtec.cat\/escolalavilapalamos\/wp-json\/wp\/v2\/categories?post=6230"},{"taxonomy":"post_tag","embeddable":true,"href":"https:\/\/agora.xtec.cat\/escolalavilapalamos\/wp-json\/wp\/v2\/tags?post=6230"}],"curies":[{"name":"wp","href":"https:\/\/api.w.org\/{rel}","templated":true}]}}