{"id":6198,"date":"2019-06-12T14:36:18","date_gmt":"2019-06-12T12:36:18","guid":{"rendered":"http:\/\/agora.xtec.cat\/escolalavilapalamos\/?p=6198"},"modified":"2019-06-17T09:14:12","modified_gmt":"2019-06-17T07:14:12","slug":"viatge-de-fi-de-curs-de-6e","status":"publish","type":"post","link":"https:\/\/agora.xtec.cat\/escolalavilapalamos\/general\/viatge-de-fi-de-curs-de-6e\/","title":{"rendered":"Viatge de fi de curs de 6\u00e8"},"content":{"rendered":"<p><img loading=\"lazy\" decoding=\"async\" class=\"wp-image-6199 aligncenter\" src=\"https:\/\/agora.xtec.cat\/escolalavilapalamos\/wp-content\/uploads\/usu897\/2019\/06\/80c8ea4f-681a-4d4e-8be6-b20639f40ad9.jpg\" alt=\"\" width=\"785\" height=\"447\" srcset=\"https:\/\/agora.xtec.cat\/escolalavilapalamos\/wp-content\/uploads\/usu897\/2019\/06\/80c8ea4f-681a-4d4e-8be6-b20639f40ad9.jpg 940w, https:\/\/agora.xtec.cat\/escolalavilapalamos\/wp-content\/uploads\/usu897\/2019\/06\/80c8ea4f-681a-4d4e-8be6-b20639f40ad9-300x171.jpg 300w, https:\/\/agora.xtec.cat\/escolalavilapalamos\/wp-content\/uploads\/usu897\/2019\/06\/80c8ea4f-681a-4d4e-8be6-b20639f40ad9-768x437.jpg 768w\" sizes=\"auto, (max-width: 785px) 100vw, 785px\" \/><\/p>\n<p><strong>VIATGE DE FI DE CURS<\/strong> <em>per Arwen Garcia<\/em><\/p>\n<p>Hem esperat tants anys aquest moment, que quan ha arribat ens ha passat volant! Els monitors eren molt enrollats i es deien Marina, David i \u00c8lia. Cada cop que ens cridaven <em>Pepopopepo<\/em> per callar nosaltres haviem de respondre cridant <em>pum! oulleaaaa.<\/em><\/p>\n<p>Les habitaci\u00f3ns eren espaioses i tenien de tot. Els llits eren de matrimoni i els armaris gegants. Normalment anavem a l\u2019habitaci\u00f3 per descansar, per canviar-nos de roba o per dormir. Per mi la nit era un dels millors moments del dia perqu\u00e8 era com una festa de pijames, cantant, xerrant i jugant. (Estavem tant b\u00e9, que la tele era com si no exist\u00eds.)<\/p>\n<p>Les activitats que feiem amb els monitors avn ser divertides. A la platja vam fer Padel Sup, que consistia en una taula de padel gegant que hi cabien 12 persones, (Aix\u00f2 si, pesava molt\u2026) i t\u2019havies de posar dreta,\u00a0 divertit era caure a l\u2019aigua i mullar-te.<\/p>\n<p>Les activitats de nit si que eren les millors. Jugavem a molts jocs per\u00f2 el meu preferit era un en especial que es deia \u00c0<em>nimes Bessones<\/em>. A la segona nit vam fer una disco, on primer hav\u00edem de jugar a un joc de cantar per equips, per\u00f2 la resta de la nit la vam passar ballant i cantant les can\u00e7ons que triavem.<\/p>\n<p>A Port Aventura hi havia molta gent, quasi no podies pujar a m\u00e9s de 10 atracci\u00f3ns, per\u00f2 l\u2019experiencia ha estat al.lucinant. Ara el menjar d\u2019un restaurant de Port Aventura que es deia La Cantina era molt dolent.<\/p>\n<p>El menjar a l&#8217;hotel no estava malament, hi havia molt per escollir i podies menjar el que volguessis, per\u00f2 aix\u00f2 si, el que et posaves al plat t\u2019ho havies de menjar.<\/p>\n<p>No hi han paraules per descriure aquestes col\u00f2nies, perqu\u00e8 han sigut m\u00e0giques.<\/p>\n<p>Aix\u00ed que pares i mares no priveu als vostres fills de viure aquesta experi\u00e8ncia, perqu\u00e8 ser\u00e0 inolvidable.<\/p>\n<p><strong>Podeu veure totes les fotos del viatge de fi de curs de 6\u00e8 <\/strong><a href=\"https:\/\/photos.app.goo.gl\/PBfTpXKKuJH6w5zq9\"><strong>aqu\u00ed<\/strong> <\/a><\/p>\n<p><a href=\"https:\/\/agora.xtec.cat\/escolalavilapalamos\/wp-content\/uploads\/usu897\/2019\/06\/cd301cfd-a0cb-4628-ad81-7a371a98e14c.jpg\"><img loading=\"lazy\" decoding=\"async\" class=\"wp-image-6201 aligncenter\" src=\"https:\/\/agora.xtec.cat\/escolalavilapalamos\/wp-content\/uploads\/usu897\/2019\/06\/cd301cfd-a0cb-4628-ad81-7a371a98e14c-1024x578.jpg\" alt=\"\" width=\"801\" height=\"452\" srcset=\"https:\/\/agora.xtec.cat\/escolalavilapalamos\/wp-content\/uploads\/usu897\/2019\/06\/cd301cfd-a0cb-4628-ad81-7a371a98e14c-1024x578.jpg 1024w, https:\/\/agora.xtec.cat\/escolalavilapalamos\/wp-content\/uploads\/usu897\/2019\/06\/cd301cfd-a0cb-4628-ad81-7a371a98e14c-300x169.jpg 300w, https:\/\/agora.xtec.cat\/escolalavilapalamos\/wp-content\/uploads\/usu897\/2019\/06\/cd301cfd-a0cb-4628-ad81-7a371a98e14c-768x433.jpg 768w, https:\/\/agora.xtec.cat\/escolalavilapalamos\/wp-content\/uploads\/usu897\/2019\/06\/cd301cfd-a0cb-4628-ad81-7a371a98e14c.jpg 1358w\" sizes=\"auto, (max-width: 801px) 100vw, 801px\" \/><\/a><\/p>\n","protected":false},"excerpt":{"rendered":"<p>VIATGE DE FI DE CURS per Arwen Garcia<br \/>\nHem esperat tants anys aquest moment, que quan ha arribat ens ha passat volant! Els monitors eren molt enrollats i es deien Marina, David i \u00c8lia. Cada cop que ens cridaven Pepopopepo per callar nosaltres haviem de respondre&hellip;  <a href=\"https:\/\/agora.xtec.cat\/escolalavilapalamos\/general\/viatge-de-fi-de-curs-de-6e\/\" title=\"Read Viatge de fi de curs de 6\u00e8\">Llegeix m\u00e9s\u00bb<\/a><\/p>\n","protected":false},"author":1,"featured_media":6199,"comment_status":"open","ping_status":"closed","sticky":false,"template":"","format":"standard","meta":{"_bbp_topic_count":0,"_bbp_reply_count":0,"_bbp_total_topic_count":0,"_bbp_total_reply_count":0,"_bbp_voice_count":0,"_bbp_anonymous_reply_count":0,"_bbp_topic_count_hidden":0,"_bbp_reply_count_hidden":0,"_bbp_forum_subforum_count":0,"footnotes":""},"categories":[128,1,4,5],"tags":[],"class_list":["post-6198","post","type-post","status-publish","format-standard","has-post-thumbnail","hentry","category-comunitat-de-grans","category-general","category-portada","category-primaria"],"post_mailing_queue_ids":[],"_links":{"self":[{"href":"https:\/\/agora.xtec.cat\/escolalavilapalamos\/wp-json\/wp\/v2\/posts\/6198","targetHints":{"allow":["GET"]}}],"collection":[{"href":"https:\/\/agora.xtec.cat\/escolalavilapalamos\/wp-json\/wp\/v2\/posts"}],"about":[{"href":"https:\/\/agora.xtec.cat\/escolalavilapalamos\/wp-json\/wp\/v2\/types\/post"}],"author":[{"embeddable":true,"href":"https:\/\/agora.xtec.cat\/escolalavilapalamos\/wp-json\/wp\/v2\/users\/1"}],"replies":[{"embeddable":true,"href":"https:\/\/agora.xtec.cat\/escolalavilapalamos\/wp-json\/wp\/v2\/comments?post=6198"}],"version-history":[{"count":3,"href":"https:\/\/agora.xtec.cat\/escolalavilapalamos\/wp-json\/wp\/v2\/posts\/6198\/revisions"}],"predecessor-version":[{"id":6205,"href":"https:\/\/agora.xtec.cat\/escolalavilapalamos\/wp-json\/wp\/v2\/posts\/6198\/revisions\/6205"}],"wp:featuredmedia":[{"embeddable":true,"href":"https:\/\/agora.xtec.cat\/escolalavilapalamos\/wp-json\/wp\/v2\/media\/6199"}],"wp:attachment":[{"href":"https:\/\/agora.xtec.cat\/escolalavilapalamos\/wp-json\/wp\/v2\/media?parent=6198"}],"wp:term":[{"taxonomy":"category","embeddable":true,"href":"https:\/\/agora.xtec.cat\/escolalavilapalamos\/wp-json\/wp\/v2\/categories?post=6198"},{"taxonomy":"post_tag","embeddable":true,"href":"https:\/\/agora.xtec.cat\/escolalavilapalamos\/wp-json\/wp\/v2\/tags?post=6198"}],"curies":[{"name":"wp","href":"https:\/\/api.w.org\/{rel}","templated":true}]}}