{"id":6189,"date":"2019-06-14T12:53:54","date_gmt":"2019-06-14T10:53:54","guid":{"rendered":"http:\/\/agora.xtec.cat\/escolalavilapalamos\/?p=6189"},"modified":"2019-06-14T13:57:19","modified_gmt":"2019-06-14T11:57:19","slug":"p4-a-la-platja","status":"publish","type":"post","link":"https:\/\/agora.xtec.cat\/escolalavilapalamos\/general\/p4-a-la-platja\/","title":{"rendered":"P4 A LA PLATJA!!!"},"content":{"rendered":"<p>HEM ANAT A LA PLATJA!!!<a href=\"https:\/\/agora.xtec.cat\/escolalavilapalamos\/wp-content\/uploads\/usu897\/2019\/06\/20190613_100411-Desktop-Resolution.jpg\"><img loading=\"lazy\" decoding=\"async\" class=\"wp-image-6191 alignright\" src=\"https:\/\/agora.xtec.cat\/escolalavilapalamos\/wp-content\/uploads\/usu897\/2019\/06\/20190613_100411-Desktop-Resolution.jpg\" alt=\"\" width=\"185\" height=\"380\" srcset=\"https:\/\/agora.xtec.cat\/escolalavilapalamos\/wp-content\/uploads\/usu897\/2019\/06\/20190613_100411-Desktop-Resolution.jpg 292w, https:\/\/agora.xtec.cat\/escolalavilapalamos\/wp-content\/uploads\/usu897\/2019\/06\/20190613_100411-Desktop-Resolution-146x300.jpg 146w\" sizes=\"auto, (max-width: 185px) 100vw, 185px\" \/><\/a><\/p>\n<p>Per acabar de la millor manera possible el curs, hem gaudit d\u2019un mat\u00ed a la platja del nostre Poble.<\/p>\n<p>Disfrutar del nostre entorn que\u00a0 \u00e9s un dels espais m\u00e9s rics i pedag\u00f2gics pels infants, ja que es relacionen en un medi proper, comparteixen, s\u2019ajuden i en definitiva estableixen noves conexions molt riques pel seu desenvolupament.<\/p>\n<p>Podeu veure el recull de fotografies clicant <a href=\"https:\/\/photos.app.goo.gl\/5kpMUGiKKzFsW6Tz6\">aqu\u00cd<\/a><\/p>\n","protected":false},"excerpt":{"rendered":"<p>HEM ANAT A LA PLATJA!!!<a href=\"https:\/\/agora.xtec.cat\/escolalavilapalamos\/wp-content\/uploads\/usu897\/2019\/06\/20190613_100411-Desktop-Resolution.jpg\"><\/a><br \/>\nPer acabar de la millor manera possible el curs, hem gaudit d\u2019un mat\u00ed a la platja del nostre Poble.<br \/>\nDisfrutar del nostre entorn que\u00a0 \u00e9s un dels espais m\u00e9s rics i pedag\u00f2gics pels infants, ja que es relacionen en un medi&hellip;  <a href=\"https:\/\/agora.xtec.cat\/escolalavilapalamos\/general\/p4-a-la-platja\/\" title=\"Read P4 A LA PLATJA!!!\">Llegeix m\u00e9s\u00bb<\/a><\/p>\n","protected":false},"author":128,"featured_media":6191,"comment_status":"open","ping_status":"closed","sticky":false,"template":"","format":"standard","meta":{"_bbp_topic_count":0,"_bbp_reply_count":0,"_bbp_total_topic_count":0,"_bbp_total_reply_count":0,"_bbp_voice_count":0,"_bbp_anonymous_reply_count":0,"_bbp_topic_count_hidden":0,"_bbp_reply_count_hidden":0,"_bbp_forum_subforum_count":0,"footnotes":""},"categories":[2,1,4],"tags":[],"class_list":["post-6189","post","type-post","status-publish","format-standard","has-post-thumbnail","hentry","category-infantil","category-general","category-portada"],"post_mailing_queue_ids":[],"_links":{"self":[{"href":"https:\/\/agora.xtec.cat\/escolalavilapalamos\/wp-json\/wp\/v2\/posts\/6189","targetHints":{"allow":["GET"]}}],"collection":[{"href":"https:\/\/agora.xtec.cat\/escolalavilapalamos\/wp-json\/wp\/v2\/posts"}],"about":[{"href":"https:\/\/agora.xtec.cat\/escolalavilapalamos\/wp-json\/wp\/v2\/types\/post"}],"author":[{"embeddable":true,"href":"https:\/\/agora.xtec.cat\/escolalavilapalamos\/wp-json\/wp\/v2\/users\/128"}],"replies":[{"embeddable":true,"href":"https:\/\/agora.xtec.cat\/escolalavilapalamos\/wp-json\/wp\/v2\/comments?post=6189"}],"version-history":[{"count":3,"href":"https:\/\/agora.xtec.cat\/escolalavilapalamos\/wp-json\/wp\/v2\/posts\/6189\/revisions"}],"predecessor-version":[{"id":6193,"href":"https:\/\/agora.xtec.cat\/escolalavilapalamos\/wp-json\/wp\/v2\/posts\/6189\/revisions\/6193"}],"wp:featuredmedia":[{"embeddable":true,"href":"https:\/\/agora.xtec.cat\/escolalavilapalamos\/wp-json\/wp\/v2\/media\/6191"}],"wp:attachment":[{"href":"https:\/\/agora.xtec.cat\/escolalavilapalamos\/wp-json\/wp\/v2\/media?parent=6189"}],"wp:term":[{"taxonomy":"category","embeddable":true,"href":"https:\/\/agora.xtec.cat\/escolalavilapalamos\/wp-json\/wp\/v2\/categories?post=6189"},{"taxonomy":"post_tag","embeddable":true,"href":"https:\/\/agora.xtec.cat\/escolalavilapalamos\/wp-json\/wp\/v2\/tags?post=6189"}],"curies":[{"name":"wp","href":"https:\/\/api.w.org\/{rel}","templated":true}]}}