{"id":6177,"date":"2019-06-14T08:00:54","date_gmt":"2019-06-14T06:00:54","guid":{"rendered":"http:\/\/agora.xtec.cat\/escolalavilapalamos\/?p=6177"},"modified":"2019-06-17T09:57:50","modified_gmt":"2019-06-17T07:57:50","slug":"ambient-de-construccions-a-la-comunitat-de-petits","status":"publish","type":"post","link":"https:\/\/agora.xtec.cat\/escolalavilapalamos\/general\/ambient-de-construccions-a-la-comunitat-de-petits\/","title":{"rendered":"AMBIENT DE CONSTRUCCIONS A LA COMUNITAT DE PETITS"},"content":{"rendered":"<p>A l&#8217;ambient de construccions \u00a0els nens i les nenes disposen d&#8217;una gran varietat de materials com per exemple: peces de fusta de m\u00faltiples tamanys i formes, capses de cartr\u00f3, tubs de paper i de pl\u00e0stic, taps, carreteres, rampes&#8230; Amb tot aquest material els infants decideixen qu\u00e8 volen fer i com ho volen fer. A partir d&#8217;aqu\u00ed, de forma individual o en petits grups van experimentant amb totes les possibilitats que aquests materials els hi ofereixen. Hi ha qui construeix una gran casa, d&#8217;altres que fan circuits,&#8230;<br \/>\nElls mateixos se n&#8217;adonen, amb la pr\u00f2pia experi\u00e8ncia, de com ho han de fer perqu\u00e8 la seva construcci\u00f3\u00a0 s&#8217;aguanti dreta, deixen volar la seva imaginaci\u00f3 afegint detalls i inventen hist\u00f2ries envers all\u00f2 que han creat.<br \/>\nA continuaci\u00f3 us oferim un recull d&#8217;imatges de les propostes i creacions que han anat sorgint al llarg d&#8217;aquest darrer trimestre.<\/p>\n<p><iframe loading=\"lazy\" title=\"Construccions\" width=\"500\" height=\"281\" src=\"https:\/\/www.youtube.com\/embed\/1XUhBUWaLRA?feature=oembed\" frameborder=\"0\" allow=\"accelerometer; autoplay; clipboard-write; encrypted-media; gyroscope; picture-in-picture; web-share\" referrerpolicy=\"strict-origin-when-cross-origin\" allowfullscreen><\/iframe><\/p>\n","protected":false},"excerpt":{"rendered":"<p>A l&#8217;ambient de construccions \u00a0els nens i les nenes disposen d&#8217;una gran varietat de materials com per exemple: peces de fusta de m\u00faltiples tamanys i formes, capses de cartr\u00f3, tubs de paper i de pl\u00e0stic, taps, carreteres, rampes&#8230; Amb tot aquest material els infants decideixen&hellip;  <a href=\"https:\/\/agora.xtec.cat\/escolalavilapalamos\/general\/ambient-de-construccions-a-la-comunitat-de-petits\/\" title=\"Read AMBIENT DE CONSTRUCCIONS A LA COMUNITAT DE PETITS\">Llegeix m\u00e9s\u00bb<\/a><\/p>\n","protected":false},"author":128,"featured_media":6196,"comment_status":"open","ping_status":"closed","sticky":false,"template":"","format":"standard","meta":{"_bbp_topic_count":0,"_bbp_reply_count":0,"_bbp_total_topic_count":0,"_bbp_total_reply_count":0,"_bbp_voice_count":0,"_bbp_anonymous_reply_count":0,"_bbp_topic_count_hidden":0,"_bbp_reply_count_hidden":0,"_bbp_forum_subforum_count":0,"footnotes":""},"categories":[2,1,4],"tags":[],"class_list":["post-6177","post","type-post","status-publish","format-standard","has-post-thumbnail","hentry","category-infantil","category-general","category-portada"],"post_mailing_queue_ids":[],"_links":{"self":[{"href":"https:\/\/agora.xtec.cat\/escolalavilapalamos\/wp-json\/wp\/v2\/posts\/6177","targetHints":{"allow":["GET"]}}],"collection":[{"href":"https:\/\/agora.xtec.cat\/escolalavilapalamos\/wp-json\/wp\/v2\/posts"}],"about":[{"href":"https:\/\/agora.xtec.cat\/escolalavilapalamos\/wp-json\/wp\/v2\/types\/post"}],"author":[{"embeddable":true,"href":"https:\/\/agora.xtec.cat\/escolalavilapalamos\/wp-json\/wp\/v2\/users\/128"}],"replies":[{"embeddable":true,"href":"https:\/\/agora.xtec.cat\/escolalavilapalamos\/wp-json\/wp\/v2\/comments?post=6177"}],"version-history":[{"count":4,"href":"https:\/\/agora.xtec.cat\/escolalavilapalamos\/wp-json\/wp\/v2\/posts\/6177\/revisions"}],"predecessor-version":[{"id":6209,"href":"https:\/\/agora.xtec.cat\/escolalavilapalamos\/wp-json\/wp\/v2\/posts\/6177\/revisions\/6209"}],"wp:featuredmedia":[{"embeddable":true,"href":"https:\/\/agora.xtec.cat\/escolalavilapalamos\/wp-json\/wp\/v2\/media\/6196"}],"wp:attachment":[{"href":"https:\/\/agora.xtec.cat\/escolalavilapalamos\/wp-json\/wp\/v2\/media?parent=6177"}],"wp:term":[{"taxonomy":"category","embeddable":true,"href":"https:\/\/agora.xtec.cat\/escolalavilapalamos\/wp-json\/wp\/v2\/categories?post=6177"},{"taxonomy":"post_tag","embeddable":true,"href":"https:\/\/agora.xtec.cat\/escolalavilapalamos\/wp-json\/wp\/v2\/tags?post=6177"}],"curies":[{"name":"wp","href":"https:\/\/api.w.org\/{rel}","templated":true}]}}