{"id":6170,"date":"2019-06-12T10:40:55","date_gmt":"2019-06-12T08:40:55","guid":{"rendered":"http:\/\/agora.xtec.cat\/escolalavilapalamos\/?p=6170"},"modified":"2019-06-14T12:57:35","modified_gmt":"2019-06-14T10:57:35","slug":"beques-creu-roja","status":"publish","type":"post","link":"https:\/\/agora.xtec.cat\/escolalavilapalamos\/general\/beques-creu-roja\/","title":{"rendered":"Beques Creu Roja"},"content":{"rendered":"<p><a href=\"http:\/\/agora.xtec.cat\/escolalavilapalamos\/wp-content\/uploads\/usu897\/2017\/05\/photo.jpg\"><img loading=\"lazy\" decoding=\"async\" class=\"wp-image-1452 alignright\" src=\"http:\/\/agora.xtec.cat\/escolalavilapalamos\/wp-content\/uploads\/usu897\/2017\/05\/photo.jpg\" alt=\"photo\" width=\"245\" height=\"245\" srcset=\"https:\/\/agora.xtec.cat\/escolalavilapalamos\/wp-content\/uploads\/usu897\/2017\/05\/photo.jpg 900w, https:\/\/agora.xtec.cat\/escolalavilapalamos\/wp-content\/uploads\/usu897\/2017\/05\/photo-150x150.jpg 150w, https:\/\/agora.xtec.cat\/escolalavilapalamos\/wp-content\/uploads\/usu897\/2017\/05\/photo-300x300.jpg 300w, https:\/\/agora.xtec.cat\/escolalavilapalamos\/wp-content\/uploads\/usu897\/2017\/05\/photo-768x768.jpg 768w\" sizes=\"auto, (max-width: 245px) 100vw, 245px\" \/><\/a>Creu Roja de Palam\u00f3s inicia el <strong>Projecte de prestacions econ\u00f2miques per fer front a les despeses d\u2019escolaritzaci\u00f3 &#8211; Beques de material escolar del curs 2019\/2020<\/strong>.<\/p>\n<p>Amb aquest projecte Creu Roja de Palam\u00f3s t\u00e9 l\u2019objectiu de donar suport a les fam\u00edlies i unitats convivencials per tal de promoure i afavorir l\u2019acc\u00e9s dels seus fills i filles a una educaci\u00f3 en igualtat de condicions, mitjan\u00e7ant el pagament de les despeses d\u2019escolaritzaci\u00f3 que s\u2019acordin amb cada un dels centres educatius: matr\u00edcules, material escolar, quotes de l\u2019AMPA&#8230;<\/p>\n<p>L&#8217;elecci\u00f3 dels beneficiaris es realitzar\u00e0 mitjan\u00e7ant\u00a0<strong>un sistema de puntuaci\u00f3 i valoraci\u00f3 per part de Creu Roja<\/strong>, que tindr\u00e0 en compte: ingressos de les llars, condicions d&#8217;especial vulnerabilitat &#8211; fam\u00edlies nombroses, monoparentals o amb membres amb discapacitats-, participaci\u00f3 en els tallers per a pares que proposar\u00e0 la Creu Roja, etc.<\/p>\n<p>Podeu consultar la circular\u00a0<a href=\"https:\/\/drive.google.com\/file\/d\/1OsUDqfOhx7A8ySQxY0uz-89-3zfM_Ewh\/view?usp=sharing\">aqu\u00ed<\/a><\/p>\n<p><u>El Calendari \u00e9s el seg\u00fcent:<\/u><\/p>\n<p>1\/07 al 15\/07\u00a0 \u00a0\u00a0 Termini de presentaci\u00f3 de la documentaci\u00f3<\/p>\n<p>Agost \u00a0\u00a0 \u00a0\u00a0\u00a0\u00a0\u00a0 Avaluaci\u00f3 i estudi dels casos per part de Creu Roja Palam\u00f3s<\/p>\n<p>Setembre \u00a0\u00a0 Llistat de beneficiaris i posterior difusi\u00f3 a les escoles.<\/p>\n<p>Per m\u00e9s informaci\u00f3 consulteu la web de la\u00a0<a href=\"http:\/\/www.cruzroja.es\/portal\/page?_pageid=569,12324472&amp;_dad=portal30&amp;_schema=PORTAL30&amp;P_CENT=14963\">Creu Roja de Palam\u00f3s<\/a><\/p>\n","protected":false},"excerpt":{"rendered":"<p><a href=\"http:\/\/agora.xtec.cat\/escolalavilapalamos\/wp-content\/uploads\/usu897\/2017\/05\/photo.jpg\"><\/a>Creu Roja de Palam\u00f3s inicia el Projecte de prestacions econ\u00f2miques per fer front a les despeses d\u2019escolaritzaci\u00f3 &#8211; Beques de material escolar del curs 2019\/2020.<br \/>\nAmb aquest projecte Creu Roja de Palam\u00f3s t\u00e9 l\u2019objectiu de donar suport a les fam\u00edlies i unitats convivencials per tal&hellip;  <a href=\"https:\/\/agora.xtec.cat\/escolalavilapalamos\/general\/beques-creu-roja\/\" title=\"Read Beques Creu Roja\">Llegeix m\u00e9s\u00bb<\/a><\/p>\n","protected":false},"author":1,"featured_media":1452,"comment_status":"open","ping_status":"closed","sticky":false,"template":"","format":"standard","meta":{"_bbp_topic_count":0,"_bbp_reply_count":0,"_bbp_total_topic_count":0,"_bbp_total_reply_count":0,"_bbp_voice_count":0,"_bbp_anonymous_reply_count":0,"_bbp_topic_count_hidden":0,"_bbp_reply_count_hidden":0,"_bbp_forum_subforum_count":0,"footnotes":""},"categories":[2,1,4,5],"tags":[],"class_list":["post-6170","post","type-post","status-publish","format-standard","has-post-thumbnail","hentry","category-infantil","category-general","category-portada","category-primaria"],"post_mailing_queue_ids":[],"_links":{"self":[{"href":"https:\/\/agora.xtec.cat\/escolalavilapalamos\/wp-json\/wp\/v2\/posts\/6170","targetHints":{"allow":["GET"]}}],"collection":[{"href":"https:\/\/agora.xtec.cat\/escolalavilapalamos\/wp-json\/wp\/v2\/posts"}],"about":[{"href":"https:\/\/agora.xtec.cat\/escolalavilapalamos\/wp-json\/wp\/v2\/types\/post"}],"author":[{"embeddable":true,"href":"https:\/\/agora.xtec.cat\/escolalavilapalamos\/wp-json\/wp\/v2\/users\/1"}],"replies":[{"embeddable":true,"href":"https:\/\/agora.xtec.cat\/escolalavilapalamos\/wp-json\/wp\/v2\/comments?post=6170"}],"version-history":[{"count":2,"href":"https:\/\/agora.xtec.cat\/escolalavilapalamos\/wp-json\/wp\/v2\/posts\/6170\/revisions"}],"predecessor-version":[{"id":6172,"href":"https:\/\/agora.xtec.cat\/escolalavilapalamos\/wp-json\/wp\/v2\/posts\/6170\/revisions\/6172"}],"wp:featuredmedia":[{"embeddable":true,"href":"https:\/\/agora.xtec.cat\/escolalavilapalamos\/wp-json\/wp\/v2\/media\/1452"}],"wp:attachment":[{"href":"https:\/\/agora.xtec.cat\/escolalavilapalamos\/wp-json\/wp\/v2\/media?parent=6170"}],"wp:term":[{"taxonomy":"category","embeddable":true,"href":"https:\/\/agora.xtec.cat\/escolalavilapalamos\/wp-json\/wp\/v2\/categories?post=6170"},{"taxonomy":"post_tag","embeddable":true,"href":"https:\/\/agora.xtec.cat\/escolalavilapalamos\/wp-json\/wp\/v2\/tags?post=6170"}],"curies":[{"name":"wp","href":"https:\/\/api.w.org\/{rel}","templated":true}]}}