{"id":6167,"date":"2019-06-12T10:01:33","date_gmt":"2019-06-12T08:01:33","guid":{"rendered":"http:\/\/agora.xtec.cat\/escolalavilapalamos\/?p=6167"},"modified":"2019-06-12T10:01:33","modified_gmt":"2019-06-12T08:01:33","slug":"festa-de-comiat-de-p5-3","status":"publish","type":"post","link":"https:\/\/agora.xtec.cat\/escolalavilapalamos\/general\/festa-de-comiat-de-p5-3\/","title":{"rendered":"Festa de comiat de P5"},"content":{"rendered":"<p><strong><a href=\"https:\/\/agora.xtec.cat\/escolalavilapalamos\/wp-content\/uploads\/usu897\/2019\/06\/CarefulHideousCheetah-size_restricted.gif\"><img loading=\"lazy\" decoding=\"async\" class=\" wp-image-6168 alignleft\" src=\"https:\/\/agora.xtec.cat\/escolalavilapalamos\/wp-content\/uploads\/usu897\/2019\/06\/CarefulHideousCheetah-size_restricted.gif\" alt=\"\" width=\"280\" height=\"280\" \/><\/a>Dimecres 19 de juny a les 9:30h al mat\u00ed<\/strong> fem <strong>La festa de comiat dels alumnes de P5.<\/strong><\/p>\n<p>Els nens i nenes de P5 fem un espectacle ambientat en tots<strong> els eixos que han treballat al llarg del curs<\/strong>. Relacionat amb els projectes que han treballat i els ambients d&#8217;aprenentatge fan un espectacle on us conviden a participar.<\/p>\n<p>Finalment\u00a0celebrarem\u00a0el pas dels nens i nenes de P5 a Prim\u00e0ria.<\/p>\n<p><strong>El comiat de P5 ser\u00e0 protagonitzat exclusivament pels alumnes d&#8217;aquest curs<\/strong>. Els nens i nenes de P3 i P4 nom\u00e9s faran entrega dels birrets i d&#8217;un petit detall als seus companys. Tot i aix\u00f2, l&#8217;acte \u00e9s obert a tothom!<\/p>\n<p>L&#8217;AMPA i l&#8217;escola vol convidar a familiars i alumnes de P5 a un petit pica pica en acabar les actuacions.<\/p>\n<p>&nbsp;<\/p>\n","protected":false},"excerpt":{"rendered":"<p><a href=\"https:\/\/agora.xtec.cat\/escolalavilapalamos\/wp-content\/uploads\/usu897\/2019\/06\/CarefulHideousCheetah-size_restricted.gif\"><\/a>Dimecres 19 de juny a les 9:30h al mat\u00ed fem La festa de comiat dels alumnes de P5.<br \/>\nEls nens i nenes de P5 fem un espectacle ambientat en tots els eixos que han treballat al llarg del curs. Relacionat amb els projectes que han&hellip;  <a href=\"https:\/\/agora.xtec.cat\/escolalavilapalamos\/general\/festa-de-comiat-de-p5-3\/\" title=\"Read Festa de comiat de P5\">Llegeix m\u00e9s\u00bb<\/a><\/p>\n","protected":false},"author":1,"featured_media":6168,"comment_status":"open","ping_status":"closed","sticky":false,"template":"","format":"standard","meta":{"_bbp_topic_count":0,"_bbp_reply_count":0,"_bbp_total_topic_count":0,"_bbp_total_reply_count":0,"_bbp_voice_count":0,"_bbp_anonymous_reply_count":0,"_bbp_topic_count_hidden":0,"_bbp_reply_count_hidden":0,"_bbp_forum_subforum_count":0,"footnotes":""},"categories":[2,1,4],"tags":[],"class_list":["post-6167","post","type-post","status-publish","format-standard","has-post-thumbnail","hentry","category-infantil","category-general","category-portada"],"post_mailing_queue_ids":[],"_links":{"self":[{"href":"https:\/\/agora.xtec.cat\/escolalavilapalamos\/wp-json\/wp\/v2\/posts\/6167","targetHints":{"allow":["GET"]}}],"collection":[{"href":"https:\/\/agora.xtec.cat\/escolalavilapalamos\/wp-json\/wp\/v2\/posts"}],"about":[{"href":"https:\/\/agora.xtec.cat\/escolalavilapalamos\/wp-json\/wp\/v2\/types\/post"}],"author":[{"embeddable":true,"href":"https:\/\/agora.xtec.cat\/escolalavilapalamos\/wp-json\/wp\/v2\/users\/1"}],"replies":[{"embeddable":true,"href":"https:\/\/agora.xtec.cat\/escolalavilapalamos\/wp-json\/wp\/v2\/comments?post=6167"}],"version-history":[{"count":1,"href":"https:\/\/agora.xtec.cat\/escolalavilapalamos\/wp-json\/wp\/v2\/posts\/6167\/revisions"}],"predecessor-version":[{"id":6169,"href":"https:\/\/agora.xtec.cat\/escolalavilapalamos\/wp-json\/wp\/v2\/posts\/6167\/revisions\/6169"}],"wp:featuredmedia":[{"embeddable":true,"href":"https:\/\/agora.xtec.cat\/escolalavilapalamos\/wp-json\/wp\/v2\/media\/6168"}],"wp:attachment":[{"href":"https:\/\/agora.xtec.cat\/escolalavilapalamos\/wp-json\/wp\/v2\/media?parent=6167"}],"wp:term":[{"taxonomy":"category","embeddable":true,"href":"https:\/\/agora.xtec.cat\/escolalavilapalamos\/wp-json\/wp\/v2\/categories?post=6167"},{"taxonomy":"post_tag","embeddable":true,"href":"https:\/\/agora.xtec.cat\/escolalavilapalamos\/wp-json\/wp\/v2\/tags?post=6167"}],"curies":[{"name":"wp","href":"https:\/\/api.w.org\/{rel}","templated":true}]}}