{"id":6164,"date":"2019-06-11T15:10:34","date_gmt":"2019-06-11T13:10:34","guid":{"rendered":"http:\/\/agora.xtec.cat\/escolalavilapalamos\/?p=6164"},"modified":"2019-06-11T15:10:34","modified_gmt":"2019-06-11T13:10:34","slug":"festa-de-comiat-de-6e-4","status":"publish","type":"post","link":"https:\/\/agora.xtec.cat\/escolalavilapalamos\/general\/festa-de-comiat-de-6e-4\/","title":{"rendered":"Festa de comiat de 6\u00e8"},"content":{"rendered":"<p><a href=\"https:\/\/agora.xtec.cat\/escolalavilapalamos\/wp-content\/uploads\/usu897\/2019\/06\/ForsakenValidGiraffe-max-1mb.gif\"><img loading=\"lazy\" decoding=\"async\" class=\"size-full wp-image-6165 alignright\" src=\"https:\/\/agora.xtec.cat\/escolalavilapalamos\/wp-content\/uploads\/usu897\/2019\/06\/ForsakenValidGiraffe-max-1mb.gif\" alt=\"\" width=\"320\" height=\"320\" \/><\/a><\/p>\n<p><strong>Els nois i noies de 6\u00e8 acaben l&#8217;Educaci\u00f3 Prim\u00e0ria i marxen a l&#8217;institut.<\/strong><\/p>\n<p><strong>Dimecres 19 de juny a les 20:30 h <\/strong>tindran lloc els actes de comiat als alumnes de 6\u00e8 en el pavell\u00f3 de l&#8217;escola. Els nois i noies han de venir ben guapos per la vetllada !<\/p>\n<p>L\u2019AMPA i l\u2019escola us convida a familiars i alumnes de 6\u00e8 a un petit pica pica en acabar les actuacions.<\/p>\n<p>Esperem compartir amb vosaltres la festa!<\/p>\n<p>&nbsp;<\/p>\n","protected":false},"excerpt":{"rendered":"<p><a href=\"https:\/\/agora.xtec.cat\/escolalavilapalamos\/wp-content\/uploads\/usu897\/2019\/06\/ForsakenValidGiraffe-max-1mb.gif\"><\/a><br \/>\nEls nois i noies de 6\u00e8 acaben l&#8217;Educaci\u00f3 Prim\u00e0ria i marxen a l&#8217;institut.<br \/>\nDimecres 19 de juny a les 20:30 h tindran lloc els actes de comiat als alumnes de 6\u00e8 en el pavell\u00f3 de l&#8217;escola. Els nois i noies han de venir ben guapos&hellip;  <a href=\"https:\/\/agora.xtec.cat\/escolalavilapalamos\/general\/festa-de-comiat-de-6e-4\/\" title=\"Read Festa de comiat de 6\u00e8\">Llegeix m\u00e9s\u00bb<\/a><\/p>\n","protected":false},"author":1,"featured_media":6165,"comment_status":"open","ping_status":"closed","sticky":false,"template":"","format":"standard","meta":{"_bbp_topic_count":0,"_bbp_reply_count":0,"_bbp_total_topic_count":0,"_bbp_total_reply_count":0,"_bbp_voice_count":0,"_bbp_anonymous_reply_count":0,"_bbp_topic_count_hidden":0,"_bbp_reply_count_hidden":0,"_bbp_forum_subforum_count":0,"footnotes":""},"categories":[7,128,1,4,5],"tags":[],"class_list":["post-6164","post","type-post","status-publish","format-standard","has-post-thumbnail","hentry","category-ampa","category-comunitat-de-grans","category-general","category-portada","category-primaria"],"post_mailing_queue_ids":[],"_links":{"self":[{"href":"https:\/\/agora.xtec.cat\/escolalavilapalamos\/wp-json\/wp\/v2\/posts\/6164","targetHints":{"allow":["GET"]}}],"collection":[{"href":"https:\/\/agora.xtec.cat\/escolalavilapalamos\/wp-json\/wp\/v2\/posts"}],"about":[{"href":"https:\/\/agora.xtec.cat\/escolalavilapalamos\/wp-json\/wp\/v2\/types\/post"}],"author":[{"embeddable":true,"href":"https:\/\/agora.xtec.cat\/escolalavilapalamos\/wp-json\/wp\/v2\/users\/1"}],"replies":[{"embeddable":true,"href":"https:\/\/agora.xtec.cat\/escolalavilapalamos\/wp-json\/wp\/v2\/comments?post=6164"}],"version-history":[{"count":1,"href":"https:\/\/agora.xtec.cat\/escolalavilapalamos\/wp-json\/wp\/v2\/posts\/6164\/revisions"}],"predecessor-version":[{"id":6166,"href":"https:\/\/agora.xtec.cat\/escolalavilapalamos\/wp-json\/wp\/v2\/posts\/6164\/revisions\/6166"}],"wp:featuredmedia":[{"embeddable":true,"href":"https:\/\/agora.xtec.cat\/escolalavilapalamos\/wp-json\/wp\/v2\/media\/6165"}],"wp:attachment":[{"href":"https:\/\/agora.xtec.cat\/escolalavilapalamos\/wp-json\/wp\/v2\/media?parent=6164"}],"wp:term":[{"taxonomy":"category","embeddable":true,"href":"https:\/\/agora.xtec.cat\/escolalavilapalamos\/wp-json\/wp\/v2\/categories?post=6164"},{"taxonomy":"post_tag","embeddable":true,"href":"https:\/\/agora.xtec.cat\/escolalavilapalamos\/wp-json\/wp\/v2\/tags?post=6164"}],"curies":[{"name":"wp","href":"https:\/\/api.w.org\/{rel}","templated":true}]}}