{"id":6156,"date":"2019-06-11T10:28:39","date_gmt":"2019-06-11T08:28:39","guid":{"rendered":"http:\/\/agora.xtec.cat\/escolalavilapalamos\/?p=6156"},"modified":"2019-06-11T15:12:44","modified_gmt":"2019-06-11T13:12:44","slug":"xv-gala-de-lesport-palamosi","status":"publish","type":"post","link":"https:\/\/agora.xtec.cat\/escolalavilapalamos\/general\/xv-gala-de-lesport-palamosi\/","title":{"rendered":"XV Gala de l&#8217;Esport palamos\u00ed"},"content":{"rendered":"<p><strong>Dijous 13 de juny<\/strong> tindr\u00e0 lloc la <strong>XV Gala de l\u2019Esport palamos\u00ed<\/strong> al teatre La Gorga.<a href=\"https:\/\/agora.xtec.cat\/escolalavilapalamos\/wp-content\/uploads\/usu897\/2019\/06\/Nil-Jordi-Eneco-i-Pau-Copiar.jpeg\"><img loading=\"lazy\" decoding=\"async\" class=\"wp-image-6157 alignright\" src=\"https:\/\/agora.xtec.cat\/escolalavilapalamos\/wp-content\/uploads\/usu897\/2019\/06\/Nil-Jordi-Eneco-i-Pau-Copiar-1024x624.jpeg\" alt=\"\" width=\"429\" height=\"262\" srcset=\"https:\/\/agora.xtec.cat\/escolalavilapalamos\/wp-content\/uploads\/usu897\/2019\/06\/Nil-Jordi-Eneco-i-Pau-Copiar-1024x624.jpeg 1024w, https:\/\/agora.xtec.cat\/escolalavilapalamos\/wp-content\/uploads\/usu897\/2019\/06\/Nil-Jordi-Eneco-i-Pau-Copiar-300x183.jpeg 300w, https:\/\/agora.xtec.cat\/escolalavilapalamos\/wp-content\/uploads\/usu897\/2019\/06\/Nil-Jordi-Eneco-i-Pau-Copiar-768x468.jpeg 768w, https:\/\/agora.xtec.cat\/escolalavilapalamos\/wp-content\/uploads\/usu897\/2019\/06\/Nil-Jordi-Eneco-i-Pau-Copiar.jpeg 1502w\" sizes=\"auto, (max-width: 429px) 100vw, 429px\" \/><\/a><\/p>\n<p>La trobada anual on es reconeix la feina d&#8217;entitats, clubs, escoles, associacions i esportistes per la promoci\u00f3 de l&#8217;esport local.<br \/>\nL&#8217;acte comen\u00e7a a les 18:30h amb el lliurament dels reconeixements a les AMPAS i centres escolars i les entitats esportives, tamb\u00e9 es lliurar\u00e0 els premis del Concurs d&#8217;Instagram d&#8217;aquest any.<\/p>\n<p>Podeu consultar aqu\u00ed <em>(en breu)<\/em> els guanyadors del <strong>I Concurs d&#8217;Instagram<\/strong>. De la nostra escola tenim premiats de 2n ( Nil Gesteira, Jordi Duran, Eneco Garcia, Pau Vil\u00e0, Ruth Requena, N\u00e0stia Shkira i Mara Ja\u00e9n) i 5\u00e8 ( Ashley Prados, Paula Gibernat, Mar L\u00f3pez, Cl\u00e0udia Mar\u00edn, Neo Cao, Miquel Coll, Esther Mestres i Adri\u00e0 Vil\u00e0 )<\/p>\n<p>En aquest enlla\u00e7<em> (en breu)\u00a0 t<\/em>robareu un extens reportatge fotogr\u00e0fic de la XIV Gala de l\u2019Esport Palamos\u00ed .<\/p>\n<p>Organitza: <a href=\"https:\/\/www.palamoscomunicacio.cat\/web\/agenda.php?idAgenda=2264\">Departament d\u2019Esports de l\u2019Ajuntament de Palam\u00f3s<\/a><\/p>\n","protected":false},"excerpt":{"rendered":"<p>Dijous 13 de juny tindr\u00e0 lloc la XV Gala de l\u2019Esport palamos\u00ed al teatre La Gorga.<a href=\"https:\/\/agora.xtec.cat\/escolalavilapalamos\/wp-content\/uploads\/usu897\/2019\/06\/Nil-Jordi-Eneco-i-Pau-Copiar.jpeg\"><\/a><br \/>\nLa trobada anual on es reconeix la feina d&#8217;entitats, clubs, escoles, associacions i esportistes per la promoci\u00f3 de l&#8217;esport local.<br \/>\nL&#8217;acte comen\u00e7a a les 18:30h amb el lliurament dels reconeixements&hellip;  <a href=\"https:\/\/agora.xtec.cat\/escolalavilapalamos\/general\/xv-gala-de-lesport-palamosi\/\" title=\"Read XV Gala de l&#8217;Esport palamos\u00ed\">Llegeix m\u00e9s\u00bb<\/a><\/p>\n","protected":false},"author":1,"featured_media":6157,"comment_status":"open","ping_status":"closed","sticky":false,"template":"","format":"standard","meta":{"_bbp_topic_count":0,"_bbp_reply_count":0,"_bbp_total_topic_count":0,"_bbp_total_reply_count":0,"_bbp_voice_count":0,"_bbp_anonymous_reply_count":0,"_bbp_topic_count_hidden":0,"_bbp_reply_count_hidden":0,"_bbp_forum_subforum_count":0,"footnotes":""},"categories":[2,1,4,5],"tags":[],"class_list":["post-6156","post","type-post","status-publish","format-standard","has-post-thumbnail","hentry","category-infantil","category-general","category-portada","category-primaria"],"post_mailing_queue_ids":[],"_links":{"self":[{"href":"https:\/\/agora.xtec.cat\/escolalavilapalamos\/wp-json\/wp\/v2\/posts\/6156","targetHints":{"allow":["GET"]}}],"collection":[{"href":"https:\/\/agora.xtec.cat\/escolalavilapalamos\/wp-json\/wp\/v2\/posts"}],"about":[{"href":"https:\/\/agora.xtec.cat\/escolalavilapalamos\/wp-json\/wp\/v2\/types\/post"}],"author":[{"embeddable":true,"href":"https:\/\/agora.xtec.cat\/escolalavilapalamos\/wp-json\/wp\/v2\/users\/1"}],"replies":[{"embeddable":true,"href":"https:\/\/agora.xtec.cat\/escolalavilapalamos\/wp-json\/wp\/v2\/comments?post=6156"}],"version-history":[{"count":1,"href":"https:\/\/agora.xtec.cat\/escolalavilapalamos\/wp-json\/wp\/v2\/posts\/6156\/revisions"}],"predecessor-version":[{"id":6158,"href":"https:\/\/agora.xtec.cat\/escolalavilapalamos\/wp-json\/wp\/v2\/posts\/6156\/revisions\/6158"}],"wp:featuredmedia":[{"embeddable":true,"href":"https:\/\/agora.xtec.cat\/escolalavilapalamos\/wp-json\/wp\/v2\/media\/6157"}],"wp:attachment":[{"href":"https:\/\/agora.xtec.cat\/escolalavilapalamos\/wp-json\/wp\/v2\/media?parent=6156"}],"wp:term":[{"taxonomy":"category","embeddable":true,"href":"https:\/\/agora.xtec.cat\/escolalavilapalamos\/wp-json\/wp\/v2\/categories?post=6156"},{"taxonomy":"post_tag","embeddable":true,"href":"https:\/\/agora.xtec.cat\/escolalavilapalamos\/wp-json\/wp\/v2\/tags?post=6156"}],"curies":[{"name":"wp","href":"https:\/\/api.w.org\/{rel}","templated":true}]}}