{"id":6149,"date":"2019-06-10T11:45:34","date_gmt":"2019-06-10T09:45:34","guid":{"rendered":"http:\/\/agora.xtec.cat\/escolalavilapalamos\/?p=6149"},"modified":"2019-06-13T09:40:41","modified_gmt":"2019-06-13T07:40:41","slug":"xxi-mostra-de-danses","status":"publish","type":"post","link":"https:\/\/agora.xtec.cat\/escolalavilapalamos\/general\/xxi-mostra-de-danses\/","title":{"rendered":"XXI Mostra de danses"},"content":{"rendered":"<p><strong>Dimecres 12 de juny al mat\u00ed<\/strong>\u00a0els nens i nenes de 3r van a ballar\u00a0<strong>Danses amb m\u00fasica de bandes sonores de pel\u00b7l\u00edcules infantils <\/strong>al pavell\u00f3 municipal de Palam\u00f3s. Aquesta \u00e9s una trobada que es fa cada any i reuneix els grups-classe de 3r de totes les escoles del municipi. Organitzat per les mestres de m\u00fasica de les escoles de Palam\u00f3s<\/p>\n<p>Tota la comunitat de mitjans anir\u00e0 a veure els seus companys com ballen les danses. <strong>Cal portar esmorzar i ampolla d&#8217;aigua en una petita bossa.<\/strong><\/p>\n<p><iframe loading=\"lazy\" title=\"Danses 2019\" width=\"500\" height=\"281\" src=\"https:\/\/www.youtube.com\/embed\/CxYgPnHWhFk?feature=oembed\" frameborder=\"0\" allow=\"accelerometer; autoplay; clipboard-write; encrypted-media; gyroscope; picture-in-picture; web-share\" referrerpolicy=\"strict-origin-when-cross-origin\" allowfullscreen><\/iframe><\/p>\n<p>&nbsp;<\/p>\n","protected":false},"excerpt":{"rendered":"<p>Dimecres 12 de juny al mat\u00ed\u00a0els nens i nenes de 3r van a ballar\u00a0Danses amb m\u00fasica de bandes sonores de pel\u00b7l\u00edcules infantils al pavell\u00f3 municipal de Palam\u00f3s. Aquesta \u00e9s una trobada que es fa cada any i reuneix els grups-classe de 3r de totes les&hellip;  <a href=\"https:\/\/agora.xtec.cat\/escolalavilapalamos\/general\/xxi-mostra-de-danses\/\" title=\"Read XXI Mostra de danses\">Llegeix m\u00e9s\u00bb<\/a><\/p>\n","protected":false},"author":1,"featured_media":6150,"comment_status":"open","ping_status":"closed","sticky":false,"template":"","format":"standard","meta":{"_bbp_topic_count":0,"_bbp_reply_count":0,"_bbp_total_topic_count":0,"_bbp_total_reply_count":0,"_bbp_voice_count":0,"_bbp_anonymous_reply_count":0,"_bbp_topic_count_hidden":0,"_bbp_reply_count_hidden":0,"_bbp_forum_subforum_count":0,"footnotes":""},"categories":[127,1,4,5],"tags":[],"class_list":["post-6149","post","type-post","status-publish","format-standard","has-post-thumbnail","hentry","category-comunitat-de-mitjans","category-general","category-portada","category-primaria"],"post_mailing_queue_ids":[],"_links":{"self":[{"href":"https:\/\/agora.xtec.cat\/escolalavilapalamos\/wp-json\/wp\/v2\/posts\/6149","targetHints":{"allow":["GET"]}}],"collection":[{"href":"https:\/\/agora.xtec.cat\/escolalavilapalamos\/wp-json\/wp\/v2\/posts"}],"about":[{"href":"https:\/\/agora.xtec.cat\/escolalavilapalamos\/wp-json\/wp\/v2\/types\/post"}],"author":[{"embeddable":true,"href":"https:\/\/agora.xtec.cat\/escolalavilapalamos\/wp-json\/wp\/v2\/users\/1"}],"replies":[{"embeddable":true,"href":"https:\/\/agora.xtec.cat\/escolalavilapalamos\/wp-json\/wp\/v2\/comments?post=6149"}],"version-history":[{"count":2,"href":"https:\/\/agora.xtec.cat\/escolalavilapalamos\/wp-json\/wp\/v2\/posts\/6149\/revisions"}],"predecessor-version":[{"id":6188,"href":"https:\/\/agora.xtec.cat\/escolalavilapalamos\/wp-json\/wp\/v2\/posts\/6149\/revisions\/6188"}],"wp:featuredmedia":[{"embeddable":true,"href":"https:\/\/agora.xtec.cat\/escolalavilapalamos\/wp-json\/wp\/v2\/media\/6150"}],"wp:attachment":[{"href":"https:\/\/agora.xtec.cat\/escolalavilapalamos\/wp-json\/wp\/v2\/media?parent=6149"}],"wp:term":[{"taxonomy":"category","embeddable":true,"href":"https:\/\/agora.xtec.cat\/escolalavilapalamos\/wp-json\/wp\/v2\/categories?post=6149"},{"taxonomy":"post_tag","embeddable":true,"href":"https:\/\/agora.xtec.cat\/escolalavilapalamos\/wp-json\/wp\/v2\/tags?post=6149"}],"curies":[{"name":"wp","href":"https:\/\/api.w.org\/{rel}","templated":true}]}}