{"id":6142,"date":"2019-06-10T11:47:32","date_gmt":"2019-06-10T09:47:32","guid":{"rendered":"http:\/\/agora.xtec.cat\/escolalavilapalamos\/?p=6142"},"modified":"2019-06-10T11:47:32","modified_gmt":"2019-06-10T09:47:32","slug":"bosc-elastic-p4-p5","status":"publish","type":"post","link":"https:\/\/agora.xtec.cat\/escolalavilapalamos\/general\/bosc-elastic-p4-p5\/","title":{"rendered":"BOSC EL\u00c0STIC P4-P5"},"content":{"rendered":"<p>El divendres 31 de maig els nens i les nenes de la Comunitat de Petits vam fer una sortida a la Selva Aventura.<\/p>\n<p>P4 i P5 vam anar al &#8220;Bosc el\u00e0stic&#8221; i ens ho vam passar molt b\u00e9. Aqu\u00ed podeu veure el v\u00eddeo resum de la jornada.<\/p>\n<p><iframe loading=\"lazy\" title=\"Bosc ela\u0300stic P4 P5\" width=\"500\" height=\"281\" src=\"https:\/\/www.youtube.com\/embed\/rdhU9rerZeM?feature=oembed\" frameborder=\"0\" allow=\"accelerometer; autoplay; clipboard-write; encrypted-media; gyroscope; picture-in-picture; web-share\" referrerpolicy=\"strict-origin-when-cross-origin\" allowfullscreen><\/iframe><\/p>\n","protected":false},"excerpt":{"rendered":"<p>El divendres 31 de maig els nens i les nenes de la Comunitat de Petits vam fer una sortida a la Selva Aventura.<br \/>\nP4 i P5 vam anar al &#8220;Bosc el\u00e0stic&#8221; i ens ho vam passar molt b\u00e9. Aqu\u00ed podeu veure el v\u00eddeo resum de la&hellip;  <a href=\"https:\/\/agora.xtec.cat\/escolalavilapalamos\/general\/bosc-elastic-p4-p5\/\" title=\"Read BOSC EL\u00c0STIC P4-P5\">Llegeix m\u00e9s\u00bb<\/a><\/p>\n","protected":false},"author":128,"featured_media":6148,"comment_status":"open","ping_status":"closed","sticky":false,"template":"","format":"standard","meta":{"_bbp_topic_count":0,"_bbp_reply_count":0,"_bbp_total_topic_count":0,"_bbp_total_reply_count":0,"_bbp_voice_count":0,"_bbp_anonymous_reply_count":0,"_bbp_topic_count_hidden":0,"_bbp_reply_count_hidden":0,"_bbp_forum_subforum_count":0,"footnotes":""},"categories":[2,1,4],"tags":[],"class_list":["post-6142","post","type-post","status-publish","format-standard","has-post-thumbnail","hentry","category-infantil","category-general","category-portada"],"post_mailing_queue_ids":[],"_links":{"self":[{"href":"https:\/\/agora.xtec.cat\/escolalavilapalamos\/wp-json\/wp\/v2\/posts\/6142","targetHints":{"allow":["GET"]}}],"collection":[{"href":"https:\/\/agora.xtec.cat\/escolalavilapalamos\/wp-json\/wp\/v2\/posts"}],"about":[{"href":"https:\/\/agora.xtec.cat\/escolalavilapalamos\/wp-json\/wp\/v2\/types\/post"}],"author":[{"embeddable":true,"href":"https:\/\/agora.xtec.cat\/escolalavilapalamos\/wp-json\/wp\/v2\/users\/128"}],"replies":[{"embeddable":true,"href":"https:\/\/agora.xtec.cat\/escolalavilapalamos\/wp-json\/wp\/v2\/comments?post=6142"}],"version-history":[{"count":1,"href":"https:\/\/agora.xtec.cat\/escolalavilapalamos\/wp-json\/wp\/v2\/posts\/6142\/revisions"}],"predecessor-version":[{"id":6144,"href":"https:\/\/agora.xtec.cat\/escolalavilapalamos\/wp-json\/wp\/v2\/posts\/6142\/revisions\/6144"}],"wp:featuredmedia":[{"embeddable":true,"href":"https:\/\/agora.xtec.cat\/escolalavilapalamos\/wp-json\/wp\/v2\/media\/6148"}],"wp:attachment":[{"href":"https:\/\/agora.xtec.cat\/escolalavilapalamos\/wp-json\/wp\/v2\/media?parent=6142"}],"wp:term":[{"taxonomy":"category","embeddable":true,"href":"https:\/\/agora.xtec.cat\/escolalavilapalamos\/wp-json\/wp\/v2\/categories?post=6142"},{"taxonomy":"post_tag","embeddable":true,"href":"https:\/\/agora.xtec.cat\/escolalavilapalamos\/wp-json\/wp\/v2\/tags?post=6142"}],"curies":[{"name":"wp","href":"https:\/\/api.w.org\/{rel}","templated":true}]}}