{"id":6126,"date":"2019-06-07T13:02:37","date_gmt":"2019-06-07T11:02:37","guid":{"rendered":"http:\/\/agora.xtec.cat\/escolalavilapalamos\/?p=6126"},"modified":"2019-06-07T13:02:37","modified_gmt":"2019-06-07T11:02:37","slug":"ambient-simbolic-a-comunitat-de-petits","status":"publish","type":"post","link":"https:\/\/agora.xtec.cat\/escolalavilapalamos\/general\/ambient-simbolic-a-comunitat-de-petits\/","title":{"rendered":"AMBIENT SIMB\u00d2LIC A COMUNITAT DE PETITS"},"content":{"rendered":"<p style=\"text-align: center;\"><strong><em><u>AMBIENT SIMB\u00d2LIC<\/u><\/em><\/strong><\/p>\n<p>Aquest espai, ric en relacions i vocabulari, fomenta els rols m\u00e9s quotidians i propers dels nostres infants.<\/p>\n<p>Des de la cuineta, i l\u2019ambient del sof\u00e0 i canviador, fins a l\u2019espai d\u2019exterior de l\u2019hort, passant per les disfresses, l\u2019Hospital, la \u201cLibrary\u201d, la fruiteria, el picnic a l\u2019aire lliure, l\u2019expressi\u00f3 a trav\u00e9s del dibuix,&#8230;i les diverses situacions que generen un espai propens a la imitaci\u00f3 de moltiss\u00edmes situacions quotidianes.<\/p>\n<p>A les fotos podreu observar les diferents propostes puntuals , la majoria per iniciativa dels nens i les nenes com ara fer un suc de llimona natural, i plantar les llavors, reprodu\u00efr un cinema a la fresca a la terrassa amb crispetes reals i altres fetes amb paper, plantar flors, enciams, alls rabanets, r\u00facula&#8230;i compartir una gran amanida amb els alumnes de prim\u00e0ria que tamb\u00e9 fan hort&#8230;.<\/p>\n<p>Relacionar-nos amb companys d\u2019altres edats ens fa cr\u00e9ixer en l\u2019Empatia i en conseq\u00fc\u00e8ncia entendre la situaci\u00f3 dels altres&#8230;<\/p>\n<p>\u201cSi camines sol, arribar\u00e0s m\u00e9s r\u00e0pid<\/p>\n<p>Si camines acompanyat, arribar\u00e0s m\u00e9s lluny\u201d.<\/p>\n<p><a href=\"https:\/\/agora.xtec.cat\/escolalavilapalamos\/wp-content\/uploads\/usu897\/2019\/06\/DSC02770-Desktop-Resolution.jpg\"><img loading=\"lazy\" decoding=\"async\" class=\"alignnone wp-image-6129\" src=\"https:\/\/agora.xtec.cat\/escolalavilapalamos\/wp-content\/uploads\/usu897\/2019\/06\/DSC02770-Desktop-Resolution.jpg\" alt=\"\" width=\"522\" height=\"391\" srcset=\"https:\/\/agora.xtec.cat\/escolalavilapalamos\/wp-content\/uploads\/usu897\/2019\/06\/DSC02770-Desktop-Resolution.jpg 800w, https:\/\/agora.xtec.cat\/escolalavilapalamos\/wp-content\/uploads\/usu897\/2019\/06\/DSC02770-Desktop-Resolution-300x225.jpg 300w, https:\/\/agora.xtec.cat\/escolalavilapalamos\/wp-content\/uploads\/usu897\/2019\/06\/DSC02770-Desktop-Resolution-768x576.jpg 768w, https:\/\/agora.xtec.cat\/escolalavilapalamos\/wp-content\/uploads\/usu897\/2019\/06\/DSC02770-Desktop-Resolution-200x150.jpg 200w\" sizes=\"auto, (max-width: 522px) 100vw, 522px\" \/><\/a><\/p>\n<p>Podeu veure el recull de fotografies clicant <a href=\"https:\/\/photos.app.goo.gl\/QEwpSr5uSLyK7Ggc6\">aqu\u00ed<\/a><\/p>\n","protected":false},"excerpt":{"rendered":"<p>AMBIENT SIMB\u00d2LIC<br \/>\nAquest espai, ric en relacions i vocabulari, fomenta els rols m\u00e9s quotidians i propers dels nostres infants.<br \/>\nDes de la cuineta, i l\u2019ambient del sof\u00e0 i canviador, fins a l\u2019espai d\u2019exterior de l\u2019hort, passant per les disfresses, l\u2019Hospital, la \u201cLibrary\u201d, la fruiteria, el picnic a&hellip;  <a href=\"https:\/\/agora.xtec.cat\/escolalavilapalamos\/general\/ambient-simbolic-a-comunitat-de-petits\/\" title=\"Read AMBIENT SIMB\u00d2LIC A COMUNITAT DE PETITS\">Llegeix m\u00e9s\u00bb<\/a><\/p>\n","protected":false},"author":128,"featured_media":6129,"comment_status":"open","ping_status":"closed","sticky":false,"template":"","format":"standard","meta":{"_bbp_topic_count":0,"_bbp_reply_count":0,"_bbp_total_topic_count":0,"_bbp_total_reply_count":0,"_bbp_voice_count":0,"_bbp_anonymous_reply_count":0,"_bbp_topic_count_hidden":0,"_bbp_reply_count_hidden":0,"_bbp_forum_subforum_count":0,"footnotes":""},"categories":[2,1,4],"tags":[],"class_list":["post-6126","post","type-post","status-publish","format-standard","has-post-thumbnail","hentry","category-infantil","category-general","category-portada"],"post_mailing_queue_ids":[],"_links":{"self":[{"href":"https:\/\/agora.xtec.cat\/escolalavilapalamos\/wp-json\/wp\/v2\/posts\/6126","targetHints":{"allow":["GET"]}}],"collection":[{"href":"https:\/\/agora.xtec.cat\/escolalavilapalamos\/wp-json\/wp\/v2\/posts"}],"about":[{"href":"https:\/\/agora.xtec.cat\/escolalavilapalamos\/wp-json\/wp\/v2\/types\/post"}],"author":[{"embeddable":true,"href":"https:\/\/agora.xtec.cat\/escolalavilapalamos\/wp-json\/wp\/v2\/users\/128"}],"replies":[{"embeddable":true,"href":"https:\/\/agora.xtec.cat\/escolalavilapalamos\/wp-json\/wp\/v2\/comments?post=6126"}],"version-history":[{"count":3,"href":"https:\/\/agora.xtec.cat\/escolalavilapalamos\/wp-json\/wp\/v2\/posts\/6126\/revisions"}],"predecessor-version":[{"id":6134,"href":"https:\/\/agora.xtec.cat\/escolalavilapalamos\/wp-json\/wp\/v2\/posts\/6126\/revisions\/6134"}],"wp:featuredmedia":[{"embeddable":true,"href":"https:\/\/agora.xtec.cat\/escolalavilapalamos\/wp-json\/wp\/v2\/media\/6129"}],"wp:attachment":[{"href":"https:\/\/agora.xtec.cat\/escolalavilapalamos\/wp-json\/wp\/v2\/media?parent=6126"}],"wp:term":[{"taxonomy":"category","embeddable":true,"href":"https:\/\/agora.xtec.cat\/escolalavilapalamos\/wp-json\/wp\/v2\/categories?post=6126"},{"taxonomy":"post_tag","embeddable":true,"href":"https:\/\/agora.xtec.cat\/escolalavilapalamos\/wp-json\/wp\/v2\/tags?post=6126"}],"curies":[{"name":"wp","href":"https:\/\/api.w.org\/{rel}","templated":true}]}}