{"id":6123,"date":"2019-06-07T12:56:32","date_gmt":"2019-06-07T10:56:32","guid":{"rendered":"http:\/\/agora.xtec.cat\/escolalavilapalamos\/?p=6123"},"modified":"2019-06-07T12:57:29","modified_gmt":"2019-06-07T10:57:29","slug":"ambient-dart-a-comunitat-de-petits","status":"publish","type":"post","link":"https:\/\/agora.xtec.cat\/escolalavilapalamos\/general\/ambient-dart-a-comunitat-de-petits\/","title":{"rendered":"AMBIENT D&#8217;ART A COMUNITAT DE PETITS"},"content":{"rendered":"<p style=\"text-align: center;\"><strong><em><u>AMBIENT D\u2019ART<\/u><\/em><\/strong><\/p>\n<p>La creativitat i l\u2019expressi\u00f3 a trav\u00e9s de l\u2019Art s\u00f3n una de les eines m\u00e9s gratificants pels alumnes, ja que poden manifestar amb un llenguatge espec\u00edfic, all\u00f2 que a vegades no s\u2019atreveixen a dir, gaudint de moments molt especials com ara el primer tacte de les mans amb el fang, el tra\u00e7 del pinzell, el descobriment de nous colors, les textures, les barreges, el col.lage, el dibuix, les tisores, el punx\u00f3,&#8230;.<\/p>\n<p>\u201cLa primera tasca de l\u2019educaci\u00f3 \u00e9s agitar la vida, per\u00f2 deixar-la lliure perqu\u00e8 es desenvolupi\u201d. Maria Montessori.<\/p>\n<p><a href=\"https:\/\/agora.xtec.cat\/escolalavilapalamos\/wp-content\/uploads\/usu897\/2019\/06\/DSC02707-Desktop-Resolution.jpg\"><img loading=\"lazy\" decoding=\"async\" class=\"alignnone wp-image-6131\" src=\"https:\/\/agora.xtec.cat\/escolalavilapalamos\/wp-content\/uploads\/usu897\/2019\/06\/DSC02707-Desktop-Resolution.jpg\" alt=\"\" width=\"524\" height=\"393\" srcset=\"https:\/\/agora.xtec.cat\/escolalavilapalamos\/wp-content\/uploads\/usu897\/2019\/06\/DSC02707-Desktop-Resolution.jpg 800w, https:\/\/agora.xtec.cat\/escolalavilapalamos\/wp-content\/uploads\/usu897\/2019\/06\/DSC02707-Desktop-Resolution-300x225.jpg 300w, https:\/\/agora.xtec.cat\/escolalavilapalamos\/wp-content\/uploads\/usu897\/2019\/06\/DSC02707-Desktop-Resolution-768x576.jpg 768w, https:\/\/agora.xtec.cat\/escolalavilapalamos\/wp-content\/uploads\/usu897\/2019\/06\/DSC02707-Desktop-Resolution-200x150.jpg 200w\" sizes=\"auto, (max-width: 524px) 100vw, 524px\" \/><\/a><\/p>\n<p>Podeu veure el recull de fotos clicant <a href=\"https:\/\/photos.app.goo.gl\/j9YfmfRAUUnmaiZC8\">aqu\u00ed<\/a><\/p>\n","protected":false},"excerpt":{"rendered":"<p>AMBIENT D\u2019ART<br \/>\nLa creativitat i l\u2019expressi\u00f3 a trav\u00e9s de l\u2019Art s\u00f3n una de les eines m\u00e9s gratificants pels alumnes, ja que poden manifestar amb un llenguatge espec\u00edfic, all\u00f2 que a vegades no s\u2019atreveixen a dir, gaudint de moments molt especials com ara el primer tacte de&hellip;  <a href=\"https:\/\/agora.xtec.cat\/escolalavilapalamos\/general\/ambient-dart-a-comunitat-de-petits\/\" title=\"Read AMBIENT D&#8217;ART A COMUNITAT DE PETITS\">Llegeix m\u00e9s\u00bb<\/a><\/p>\n","protected":false},"author":128,"featured_media":6131,"comment_status":"open","ping_status":"closed","sticky":false,"template":"","format":"standard","meta":{"_bbp_topic_count":0,"_bbp_reply_count":0,"_bbp_total_topic_count":0,"_bbp_total_reply_count":0,"_bbp_voice_count":0,"_bbp_anonymous_reply_count":0,"_bbp_topic_count_hidden":0,"_bbp_reply_count_hidden":0,"_bbp_forum_subforum_count":0,"footnotes":""},"categories":[2,1,4],"tags":[],"class_list":["post-6123","post","type-post","status-publish","format-standard","has-post-thumbnail","hentry","category-infantil","category-general","category-portada"],"post_mailing_queue_ids":[],"_links":{"self":[{"href":"https:\/\/agora.xtec.cat\/escolalavilapalamos\/wp-json\/wp\/v2\/posts\/6123","targetHints":{"allow":["GET"]}}],"collection":[{"href":"https:\/\/agora.xtec.cat\/escolalavilapalamos\/wp-json\/wp\/v2\/posts"}],"about":[{"href":"https:\/\/agora.xtec.cat\/escolalavilapalamos\/wp-json\/wp\/v2\/types\/post"}],"author":[{"embeddable":true,"href":"https:\/\/agora.xtec.cat\/escolalavilapalamos\/wp-json\/wp\/v2\/users\/128"}],"replies":[{"embeddable":true,"href":"https:\/\/agora.xtec.cat\/escolalavilapalamos\/wp-json\/wp\/v2\/comments?post=6123"}],"version-history":[{"count":3,"href":"https:\/\/agora.xtec.cat\/escolalavilapalamos\/wp-json\/wp\/v2\/posts\/6123\/revisions"}],"predecessor-version":[{"id":6133,"href":"https:\/\/agora.xtec.cat\/escolalavilapalamos\/wp-json\/wp\/v2\/posts\/6123\/revisions\/6133"}],"wp:featuredmedia":[{"embeddable":true,"href":"https:\/\/agora.xtec.cat\/escolalavilapalamos\/wp-json\/wp\/v2\/media\/6131"}],"wp:attachment":[{"href":"https:\/\/agora.xtec.cat\/escolalavilapalamos\/wp-json\/wp\/v2\/media?parent=6123"}],"wp:term":[{"taxonomy":"category","embeddable":true,"href":"https:\/\/agora.xtec.cat\/escolalavilapalamos\/wp-json\/wp\/v2\/categories?post=6123"},{"taxonomy":"post_tag","embeddable":true,"href":"https:\/\/agora.xtec.cat\/escolalavilapalamos\/wp-json\/wp\/v2\/tags?post=6123"}],"curies":[{"name":"wp","href":"https:\/\/api.w.org\/{rel}","templated":true}]}}