{"id":6111,"date":"2019-06-06T12:28:20","date_gmt":"2019-06-06T10:28:20","guid":{"rendered":"http:\/\/agora.xtec.cat\/escolalavilapalamos\/?p=6111"},"modified":"2019-06-06T12:28:20","modified_gmt":"2019-06-06T10:28:20","slug":"sortida-a-la-platja-a-p4","status":"publish","type":"post","link":"https:\/\/agora.xtec.cat\/escolalavilapalamos\/general\/sortida-a-la-platja-a-p4\/","title":{"rendered":"Sortida a la platja a P4"},"content":{"rendered":"<p>El proper <strong>dijous 13 de juny<\/strong>, els nens i nenes de P4 <strong>anirem d\u2019excursi\u00f3 a la platja<\/strong>. Sortida i arribada a l\u2019escola.<a href=\"https:\/\/agora.xtec.cat\/escolalavilapalamos\/wp-content\/uploads\/usu897\/2019\/06\/DSC2596-1024x680.jpg\"><img loading=\"lazy\" decoding=\"async\" class=\"wp-image-6115 alignleft\" src=\"https:\/\/agora.xtec.cat\/escolalavilapalamos\/wp-content\/uploads\/usu897\/2019\/06\/DSC2596-1024x680-1024x680.jpg\" alt=\"\" width=\"403\" height=\"268\" srcset=\"https:\/\/agora.xtec.cat\/escolalavilapalamos\/wp-content\/uploads\/usu897\/2019\/06\/DSC2596-1024x680.jpg 1024w, https:\/\/agora.xtec.cat\/escolalavilapalamos\/wp-content\/uploads\/usu897\/2019\/06\/DSC2596-1024x680-300x199.jpg 300w, https:\/\/agora.xtec.cat\/escolalavilapalamos\/wp-content\/uploads\/usu897\/2019\/06\/DSC2596-1024x680-768x510.jpg 768w\" sizes=\"auto, (max-width: 403px) 100vw, 403px\" \/><\/a><\/p>\n<p>Cal portar:<\/p>\n<ul>\n<li>motxilla amb la tovallola, ampolla d\u2019aigua i esmorzar, recanvi de roba interior (en una bossa de pl\u00e0stic).<\/li>\n<li>pantal\u00f3 curt, samarreta, banyador, gorra i cal\u00e7at c\u00f2mode per a caminar.<\/li>\n<li>crema solar (d\u2019alta protecci\u00f3) posada a casa.<\/li>\n<\/ul>\n<p>Si us plau, tot marcat amb el nom del vostre fill-filla.<\/p>\n<p>Gr\u00e0cies.<\/p>\n","protected":false},"excerpt":{"rendered":"<p>El proper dijous 13 de juny, els nens i nenes de P4 anirem d\u2019excursi\u00f3 a la platja. Sortida i arribada a l\u2019escola.<a href=\"https:\/\/agora.xtec.cat\/escolalavilapalamos\/wp-content\/uploads\/usu897\/2019\/06\/DSC2596-1024x680.jpg\"><\/a><br \/>\nCal portar:<\/p>\n<ul>\n<li>motxilla amb la tovallola, ampolla d\u2019aigua i esmorzar, recanvi de roba interior (en una bossa de pl\u00e0stic).<\/li>\n<li>pantal\u00f3 curt, samarreta, banyador, gorra i&hellip;  <a href=\"https:\/\/agora.xtec.cat\/escolalavilapalamos\/general\/sortida-a-la-platja-a-p4\/\" title=\"Read Sortida a la platja a P4\">Llegeix m\u00e9s\u00bb<\/a><br \/>\n","protected":false},"author":128,"featured_media":6115,"comment_status":"open","ping_status":"closed","sticky":false,"template":"","format":"standard","meta":{"_bbp_topic_count":0,"_bbp_reply_count":0,"_bbp_total_topic_count":0,"_bbp_total_reply_count":0,"_bbp_voice_count":0,"_bbp_anonymous_reply_count":0,"_bbp_topic_count_hidden":0,"_bbp_reply_count_hidden":0,"_bbp_forum_subforum_count":0,"footnotes":""},"categories":[2,1,4,5],"tags":[],"class_list":["post-6111","post","type-post","status-publish","format-standard","has-post-thumbnail","hentry","category-infantil","category-general","category-portada","category-primaria"],"post_mailing_queue_ids":[],"_links":{"self":[{"href":"https:\/\/agora.xtec.cat\/escolalavilapalamos\/wp-json\/wp\/v2\/posts\/6111","targetHints":{"allow":["GET"]}}],"collection":[{"href":"https:\/\/agora.xtec.cat\/escolalavilapalamos\/wp-json\/wp\/v2\/posts"}],"about":[{"href":"https:\/\/agora.xtec.cat\/escolalavilapalamos\/wp-json\/wp\/v2\/types\/post"}],"author":[{"embeddable":true,"href":"https:\/\/agora.xtec.cat\/escolalavilapalamos\/wp-json\/wp\/v2\/users\/128"}],"replies":[{"embeddable":true,"href":"https:\/\/agora.xtec.cat\/escolalavilapalamos\/wp-json\/wp\/v2\/comments?post=6111"}],"version-history":[{"count":3,"href":"https:\/\/agora.xtec.cat\/escolalavilapalamos\/wp-json\/wp\/v2\/posts\/6111\/revisions"}],"predecessor-version":[{"id":6116,"href":"https:\/\/agora.xtec.cat\/escolalavilapalamos\/wp-json\/wp\/v2\/posts\/6111\/revisions\/6116"}],"wp:featuredmedia":[{"embeddable":true,"href":"https:\/\/agora.xtec.cat\/escolalavilapalamos\/wp-json\/wp\/v2\/media\/6115"}],"wp:attachment":[{"href":"https:\/\/agora.xtec.cat\/escolalavilapalamos\/wp-json\/wp\/v2\/media?parent=6111"}],"wp:term":[{"taxonomy":"category","embeddable":true,"href":"https:\/\/agora.xtec.cat\/escolalavilapalamos\/wp-json\/wp\/v2\/categories?post=6111"},{"taxonomy":"post_tag","embeddable":true,"href":"https:\/\/agora.xtec.cat\/escolalavilapalamos\/wp-json\/wp\/v2\/tags?post=6111"}],"curies":[{"name":"wp","href":"https:\/\/api.w.org\/{rel}","templated":true}]}}