{"id":6105,"date":"2019-06-05T08:47:56","date_gmt":"2019-06-05T06:47:56","guid":{"rendered":"http:\/\/agora.xtec.cat\/escolalavilapalamos\/?p=6105"},"modified":"2019-06-05T15:58:31","modified_gmt":"2019-06-05T13:58:31","slug":"exposicio-den-joan-miro-2","status":"publish","type":"post","link":"https:\/\/agora.xtec.cat\/escolalavilapalamos\/general\/exposicio-den-joan-miro-2\/","title":{"rendered":"Exposici\u00f3 d&#8217;en Joan Mir\u00f3"},"content":{"rendered":"<h5><img loading=\"lazy\" decoding=\"async\" class=\"alignright\" src=\"http:\/\/blocs.xtec.cat\/1rcursarees\/files\/2014\/09\/miro-firma.jpg\" width=\"363\" height=\"200\" \/><\/h5>\n<p>Els nens i nenes de 2n han treballat el <strong>Projecte de Joan Mir\u00f3<\/strong>. Aquesta setmana obrim <strong>l&#8217;exposici\u00f3 de Joan Mir\u00f3<\/strong> a pares i mares de l&#8217;escola. Podeu passar a veure-la de dilluns a divendres de 16:30 a 17 h.<\/p>\n<p>Esperem que us agradi !!!<\/p>\n<p>&nbsp;<\/p>\n","protected":false},"excerpt":{"rendered":"<p>Els nens i nenes de 2n han treballat el Projecte de Joan Mir\u00f3. Aquesta setmana obrim l&#8217;exposici\u00f3 de Joan Mir\u00f3 a pares i mares de l&#8217;escola. Podeu passar a veure-la de dilluns a divendres de 16:30 a 17 h.<br \/>\nEsperem que us agradi !!!<br \/>\n&nbsp;<\/p>\n","protected":false},"author":1,"featured_media":6106,"comment_status":"open","ping_status":"closed","sticky":false,"template":"","format":"standard","meta":{"_bbp_topic_count":0,"_bbp_reply_count":0,"_bbp_total_topic_count":0,"_bbp_total_reply_count":0,"_bbp_voice_count":0,"_bbp_anonymous_reply_count":0,"_bbp_topic_count_hidden":0,"_bbp_reply_count_hidden":0,"_bbp_forum_subforum_count":0,"footnotes":""},"categories":[127,1,4,5],"tags":[],"class_list":["post-6105","post","type-post","status-publish","format-standard","has-post-thumbnail","hentry","category-comunitat-de-mitjans","category-general","category-portada","category-primaria"],"post_mailing_queue_ids":[],"_links":{"self":[{"href":"https:\/\/agora.xtec.cat\/escolalavilapalamos\/wp-json\/wp\/v2\/posts\/6105","targetHints":{"allow":["GET"]}}],"collection":[{"href":"https:\/\/agora.xtec.cat\/escolalavilapalamos\/wp-json\/wp\/v2\/posts"}],"about":[{"href":"https:\/\/agora.xtec.cat\/escolalavilapalamos\/wp-json\/wp\/v2\/types\/post"}],"author":[{"embeddable":true,"href":"https:\/\/agora.xtec.cat\/escolalavilapalamos\/wp-json\/wp\/v2\/users\/1"}],"replies":[{"embeddable":true,"href":"https:\/\/agora.xtec.cat\/escolalavilapalamos\/wp-json\/wp\/v2\/comments?post=6105"}],"version-history":[{"count":2,"href":"https:\/\/agora.xtec.cat\/escolalavilapalamos\/wp-json\/wp\/v2\/posts\/6105\/revisions"}],"predecessor-version":[{"id":6108,"href":"https:\/\/agora.xtec.cat\/escolalavilapalamos\/wp-json\/wp\/v2\/posts\/6105\/revisions\/6108"}],"wp:featuredmedia":[{"embeddable":true,"href":"https:\/\/agora.xtec.cat\/escolalavilapalamos\/wp-json\/wp\/v2\/media\/6106"}],"wp:attachment":[{"href":"https:\/\/agora.xtec.cat\/escolalavilapalamos\/wp-json\/wp\/v2\/media?parent=6105"}],"wp:term":[{"taxonomy":"category","embeddable":true,"href":"https:\/\/agora.xtec.cat\/escolalavilapalamos\/wp-json\/wp\/v2\/categories?post=6105"},{"taxonomy":"post_tag","embeddable":true,"href":"https:\/\/agora.xtec.cat\/escolalavilapalamos\/wp-json\/wp\/v2\/tags?post=6105"}],"curies":[{"name":"wp","href":"https:\/\/api.w.org\/{rel}","templated":true}]}}