{"id":6097,"date":"2019-06-07T13:10:05","date_gmt":"2019-06-07T11:10:05","guid":{"rendered":"http:\/\/agora.xtec.cat\/escolalavilapalamos\/?p=6097"},"modified":"2019-06-07T13:10:05","modified_gmt":"2019-06-07T11:10:05","slug":"propostes-lliures-p4","status":"publish","type":"post","link":"https:\/\/agora.xtec.cat\/escolalavilapalamos\/general\/propostes-lliures-p4\/","title":{"rendered":"PROPOSTES LLIURES P4"},"content":{"rendered":"<p><strong><em><u>PROPOSTES LLIURES&#8230;<\/u><\/em><\/strong><\/p>\n<p>\u201cL\u2019Art d\u2019Ensenyar, \u00e9s l\u2019Art d\u2019ajudar a descobrir&#8230;\u201d<\/p>\n<p>Mark Van Doren.<\/p>\n<p>I&#8230; d\u2019alguna manera, \u00e9s el que hem intentat fer; ser guies per ajudar-los a descobrir per ells mateixos, i encaminar-los de la millor manera possible.<\/p>\n<p>Les tardes les hem dedicat a fer activitats la majoria lliures, on els nens i nenes trien el joc o la proposta a fer, per\u00f2 tamb\u00e9 algunes de guiades per les mestres relacionades amb la lectoescriptura, les matem\u00e0tiques i l\u2019art.<\/p>\n<p>La llista \u00e9s infinita, i segur que els infants us ho explicaran d\u2019all\u00f2 m\u00e9s detalladament, per\u00f2 a grans trets hem:<\/p>\n<p>Constru\u00eft, desmuntat, escrit, pintat, esborrat, resseguit, format, barrejat, explicat, compartit, llegit, copiat, enumerat, remenat,&#8230;&#8230;&#8230;i sobretot partint de l\u2019inter\u00e9s de cada infant, segons el seu moment, afinitat o motivaci\u00f3&#8230;.Hem compartit molts moments de JOC!!!<\/p>\n<p><a href=\"https:\/\/agora.xtec.cat\/escolalavilapalamos\/wp-content\/uploads\/usu897\/2019\/06\/DSC03034-Desktop-Resolution.jpg\"><img loading=\"lazy\" decoding=\"async\" class=\"alignnone wp-image-6109\" src=\"https:\/\/agora.xtec.cat\/escolalavilapalamos\/wp-content\/uploads\/usu897\/2019\/06\/DSC03034-Desktop-Resolution.jpg\" alt=\"\" width=\"697\" height=\"523\" srcset=\"https:\/\/agora.xtec.cat\/escolalavilapalamos\/wp-content\/uploads\/usu897\/2019\/06\/DSC03034-Desktop-Resolution.jpg 800w, https:\/\/agora.xtec.cat\/escolalavilapalamos\/wp-content\/uploads\/usu897\/2019\/06\/DSC03034-Desktop-Resolution-300x225.jpg 300w, https:\/\/agora.xtec.cat\/escolalavilapalamos\/wp-content\/uploads\/usu897\/2019\/06\/DSC03034-Desktop-Resolution-768x576.jpg 768w, https:\/\/agora.xtec.cat\/escolalavilapalamos\/wp-content\/uploads\/usu897\/2019\/06\/DSC03034-Desktop-Resolution-200x150.jpg 200w\" sizes=\"auto, (max-width: 697px) 100vw, 697px\" \/><\/a><\/p>\n<p>Per veure el recull de fotografies cliqueu <a href=\"https:\/\/photos.app.goo.gl\/NCB2K9HeiFWqDLWo6\">aqui<\/a><\/p>\n<p><em>\u201cUna educaci\u00f3 encaminada a la comprensi\u00f3 \u00e9s la \u00fanica cap a la qual val la pena dirigir els nostres esfor\u00e7os\u201d. H.Gardner<\/em><\/p>\n<p><em>\u00a0<\/em>Molt Bones Vacances, guadiu molt de cada moment amb els vostres nens i nenes i sobretot sobretot&#8230;JUGUEU!!!<\/p>\n<p>Ens veiem a P5!!!!!!<\/p>\n<p style=\"text-align: center;\">Remei i M\u00f2nica<\/p>\n","protected":false},"excerpt":{"rendered":"<p>PROPOSTES LLIURES&#8230;<br \/>\n\u201cL\u2019Art d\u2019Ensenyar, \u00e9s l\u2019Art d\u2019ajudar a descobrir&#8230;\u201d<br \/>\nMark Van Doren.<br \/>\nI&#8230; d\u2019alguna manera, \u00e9s el que hem intentat fer; ser guies per ajudar-los a descobrir per ells mateixos, i encaminar-los de la millor manera possible.<br \/>\nLes tardes les hem dedicat a fer activitats la majoria lliures, on&hellip;  <a href=\"https:\/\/agora.xtec.cat\/escolalavilapalamos\/general\/propostes-lliures-p4\/\" title=\"Read PROPOSTES LLIURES P4\">Llegeix m\u00e9s\u00bb<\/a><\/p>\n","protected":false},"author":128,"featured_media":6109,"comment_status":"open","ping_status":"closed","sticky":false,"template":"","format":"standard","meta":{"_bbp_topic_count":0,"_bbp_reply_count":0,"_bbp_total_topic_count":0,"_bbp_total_reply_count":0,"_bbp_voice_count":0,"_bbp_anonymous_reply_count":0,"_bbp_topic_count_hidden":0,"_bbp_reply_count_hidden":0,"_bbp_forum_subforum_count":0,"footnotes":""},"categories":[2,1,4],"tags":[],"class_list":["post-6097","post","type-post","status-publish","format-standard","has-post-thumbnail","hentry","category-infantil","category-general","category-portada"],"post_mailing_queue_ids":[],"_links":{"self":[{"href":"https:\/\/agora.xtec.cat\/escolalavilapalamos\/wp-json\/wp\/v2\/posts\/6097","targetHints":{"allow":["GET"]}}],"collection":[{"href":"https:\/\/agora.xtec.cat\/escolalavilapalamos\/wp-json\/wp\/v2\/posts"}],"about":[{"href":"https:\/\/agora.xtec.cat\/escolalavilapalamos\/wp-json\/wp\/v2\/types\/post"}],"author":[{"embeddable":true,"href":"https:\/\/agora.xtec.cat\/escolalavilapalamos\/wp-json\/wp\/v2\/users\/128"}],"replies":[{"embeddable":true,"href":"https:\/\/agora.xtec.cat\/escolalavilapalamos\/wp-json\/wp\/v2\/comments?post=6097"}],"version-history":[{"count":3,"href":"https:\/\/agora.xtec.cat\/escolalavilapalamos\/wp-json\/wp\/v2\/posts\/6097\/revisions"}],"predecessor-version":[{"id":6135,"href":"https:\/\/agora.xtec.cat\/escolalavilapalamos\/wp-json\/wp\/v2\/posts\/6097\/revisions\/6135"}],"wp:featuredmedia":[{"embeddable":true,"href":"https:\/\/agora.xtec.cat\/escolalavilapalamos\/wp-json\/wp\/v2\/media\/6109"}],"wp:attachment":[{"href":"https:\/\/agora.xtec.cat\/escolalavilapalamos\/wp-json\/wp\/v2\/media?parent=6097"}],"wp:term":[{"taxonomy":"category","embeddable":true,"href":"https:\/\/agora.xtec.cat\/escolalavilapalamos\/wp-json\/wp\/v2\/categories?post=6097"},{"taxonomy":"post_tag","embeddable":true,"href":"https:\/\/agora.xtec.cat\/escolalavilapalamos\/wp-json\/wp\/v2\/tags?post=6097"}],"curies":[{"name":"wp","href":"https:\/\/api.w.org\/{rel}","templated":true}]}}