{"id":6093,"date":"2019-06-06T12:33:27","date_gmt":"2019-06-06T10:33:27","guid":{"rendered":"http:\/\/agora.xtec.cat\/escolalavilapalamos\/?p=6093"},"modified":"2019-06-06T12:35:01","modified_gmt":"2019-06-06T10:35:01","slug":"ens-visita-lambulancia-a-p4","status":"publish","type":"post","link":"https:\/\/agora.xtec.cat\/escolalavilapalamos\/general\/ens-visita-lambulancia-a-p4\/","title":{"rendered":"ENS VISITA L&#8217;AMBUL\u00c0NCIA A P4"},"content":{"rendered":"<p><strong><em><u>ENS VISITA L\u2019AMBUL\u00c0NCIA !!!<\/u><\/em><\/strong><\/p>\n<p><strong><em><u>\u00a0<\/u><\/em><\/strong>Una de les activitats sorpreses d\u2019aquest curs ha estat la visita de l\u2019Ambul\u00e0ncia a l\u2019escola i les explicacions dels professionals sanitaris com en Xavi i la S\u00edlvia, que ens han fet part\u00edceps de les coses important que cal saber quan ens fem mal, necessitem ajuda, hem de trucar,&#8230;<\/p>\n<p>Ha estat un mat\u00ed molt engrescador, on com podeu dedu\u00efr, el m\u00e9s aplaudit ha estat la sirena de l\u2019Ambul\u00e0ncia&#8230; perqu\u00e8 ser\u00e0????<\/p>\n<p>Hem apr\u00e8s el tel\u00e8fon d\u2019emerg\u00e8ncies, han immobilitzat a la M\u00f2nica, han fet sonar la sirena amb els casc, i han acabat tots amb una part del cos embenada i embolicada&#8230;i ha estat d\u2019all\u00f2 m\u00e9s divertit!!!<\/p>\n<p>Agra\u00efr la iniciativa dels pares per compartir moments conjunts a l\u2019escola, ja que la implicaci\u00f3 de les fam\u00edlies \u00e9s b\u00e0sic pel desenvolupament integral dels nostres infants.<\/p>\n<p><a href=\"https:\/\/agora.xtec.cat\/escolalavilapalamos\/wp-content\/uploads\/usu897\/2019\/06\/DSC03090-Desktop-Resolution.jpg\"><img loading=\"lazy\" decoding=\"async\" class=\"alignnone wp-image-6095\" src=\"https:\/\/agora.xtec.cat\/escolalavilapalamos\/wp-content\/uploads\/usu897\/2019\/06\/DSC03090-Desktop-Resolution.jpg\" alt=\"\" width=\"591\" height=\"443\" srcset=\"https:\/\/agora.xtec.cat\/escolalavilapalamos\/wp-content\/uploads\/usu897\/2019\/06\/DSC03090-Desktop-Resolution.jpg 800w, https:\/\/agora.xtec.cat\/escolalavilapalamos\/wp-content\/uploads\/usu897\/2019\/06\/DSC03090-Desktop-Resolution-300x225.jpg 300w, https:\/\/agora.xtec.cat\/escolalavilapalamos\/wp-content\/uploads\/usu897\/2019\/06\/DSC03090-Desktop-Resolution-768x576.jpg 768w, https:\/\/agora.xtec.cat\/escolalavilapalamos\/wp-content\/uploads\/usu897\/2019\/06\/DSC03090-Desktop-Resolution-200x150.jpg 200w\" sizes=\"auto, (max-width: 591px) 100vw, 591px\" \/><\/a><\/p>\n<p>Podeu veure el recull de fotografies de l&#8217;activitat clicant <a href=\"https:\/\/photos.app.goo.gl\/hWafvFM9a4Bp4VoR6\">aqu\u00ed.<\/a><strong><em><br \/>\n<\/em><\/strong><\/p>\n<p>&nbsp;<\/p>\n","protected":false},"excerpt":{"rendered":"<p>ENS VISITA L\u2019AMBUL\u00c0NCIA !!!<br \/>\n\u00a0Una de les activitats sorpreses d\u2019aquest curs ha estat la visita de l\u2019Ambul\u00e0ncia a l\u2019escola i les explicacions dels professionals sanitaris com en Xavi i la S\u00edlvia, que ens han fet part\u00edceps de les coses important que cal saber quan ens fem&hellip;  <a href=\"https:\/\/agora.xtec.cat\/escolalavilapalamos\/general\/ens-visita-lambulancia-a-p4\/\" title=\"Read ENS VISITA L&#8217;AMBUL\u00c0NCIA A P4\">Llegeix m\u00e9s\u00bb<\/a><\/p>\n","protected":false},"author":128,"featured_media":6095,"comment_status":"open","ping_status":"closed","sticky":false,"template":"","format":"standard","meta":{"_bbp_topic_count":0,"_bbp_reply_count":0,"_bbp_total_topic_count":0,"_bbp_total_reply_count":0,"_bbp_voice_count":0,"_bbp_anonymous_reply_count":0,"_bbp_topic_count_hidden":0,"_bbp_reply_count_hidden":0,"_bbp_forum_subforum_count":0,"footnotes":""},"categories":[2,1,4,5],"tags":[],"class_list":["post-6093","post","type-post","status-publish","format-standard","has-post-thumbnail","hentry","category-infantil","category-general","category-portada","category-primaria"],"post_mailing_queue_ids":[],"_links":{"self":[{"href":"https:\/\/agora.xtec.cat\/escolalavilapalamos\/wp-json\/wp\/v2\/posts\/6093","targetHints":{"allow":["GET"]}}],"collection":[{"href":"https:\/\/agora.xtec.cat\/escolalavilapalamos\/wp-json\/wp\/v2\/posts"}],"about":[{"href":"https:\/\/agora.xtec.cat\/escolalavilapalamos\/wp-json\/wp\/v2\/types\/post"}],"author":[{"embeddable":true,"href":"https:\/\/agora.xtec.cat\/escolalavilapalamos\/wp-json\/wp\/v2\/users\/128"}],"replies":[{"embeddable":true,"href":"https:\/\/agora.xtec.cat\/escolalavilapalamos\/wp-json\/wp\/v2\/comments?post=6093"}],"version-history":[{"count":3,"href":"https:\/\/agora.xtec.cat\/escolalavilapalamos\/wp-json\/wp\/v2\/posts\/6093\/revisions"}],"predecessor-version":[{"id":6119,"href":"https:\/\/agora.xtec.cat\/escolalavilapalamos\/wp-json\/wp\/v2\/posts\/6093\/revisions\/6119"}],"wp:featuredmedia":[{"embeddable":true,"href":"https:\/\/agora.xtec.cat\/escolalavilapalamos\/wp-json\/wp\/v2\/media\/6095"}],"wp:attachment":[{"href":"https:\/\/agora.xtec.cat\/escolalavilapalamos\/wp-json\/wp\/v2\/media?parent=6093"}],"wp:term":[{"taxonomy":"category","embeddable":true,"href":"https:\/\/agora.xtec.cat\/escolalavilapalamos\/wp-json\/wp\/v2\/categories?post=6093"},{"taxonomy":"post_tag","embeddable":true,"href":"https:\/\/agora.xtec.cat\/escolalavilapalamos\/wp-json\/wp\/v2\/tags?post=6093"}],"curies":[{"name":"wp","href":"https:\/\/api.w.org\/{rel}","templated":true}]}}