{"id":6030,"date":"2019-06-05T12:00:49","date_gmt":"2019-06-05T10:00:49","guid":{"rendered":"http:\/\/agora.xtec.cat\/escolalavilapalamos\/?p=6030"},"modified":"2019-06-10T09:48:10","modified_gmt":"2019-06-10T07:48:10","slug":"excursio-de-p3","status":"publish","type":"post","link":"https:\/\/agora.xtec.cat\/escolalavilapalamos\/general\/excursio-de-p3\/","title":{"rendered":"Excursi\u00f3 de P3"},"content":{"rendered":"<p>El proper <strong>dijous 13 de juny<\/strong>, els nens i nenes de P3 <strong>anirem d&#8217;excursi\u00f3 a la platja<\/strong>. Sortida i arribada a l&#8217;escola (horari 8&#8217;30 a 12&#8217;30h)<a href=\"https:\/\/agora.xtec.cat\/escolalavilapalamos\/wp-content\/uploads\/usu897\/2019\/06\/platja-gran-de-Palam\u00f3s-002.jpg\"><img loading=\"lazy\" decoding=\"async\" class=\"wp-image-6031 alignright\" src=\"https:\/\/agora.xtec.cat\/escolalavilapalamos\/wp-content\/uploads\/usu897\/2019\/06\/platja-gran-de-Palam\u00f3s-002.jpg\" alt=\"\" width=\"383\" height=\"186\" srcset=\"https:\/\/agora.xtec.cat\/escolalavilapalamos\/wp-content\/uploads\/usu897\/2019\/06\/platja-gran-de-Palam\u00f3s-002.jpg 745w, https:\/\/agora.xtec.cat\/escolalavilapalamos\/wp-content\/uploads\/usu897\/2019\/06\/platja-gran-de-Palam\u00f3s-002-300x145.jpg 300w\" sizes=\"auto, (max-width: 383px) 100vw, 383px\" \/><\/a> Cal portar:<\/p>\n<ul>\n<li>motxilla amb la tovallola, ampolla d&#8217;aigua i recanvi de roba interior (en una bossa de pl\u00e0stic).<\/li>\n<li>pantal\u00f3 curt, samarreta, banyador, gorra i cal\u00e7at c\u00f2mode per a caminar.<\/li>\n<li>crema solar (d&#8217;alta protecci\u00f3) posada a casa.<\/li>\n<\/ul>\n<p>Si us plau, tot marcat amb el nom del vostre fill-filla. Gr\u00e0cies<\/p>\n","protected":false},"excerpt":{"rendered":"<p>El proper dijous 13 de juny, els nens i nenes de P3 anirem d&#8217;excursi\u00f3 a la platja. Sortida i arribada a l&#8217;escola (horari 8&#8217;30 a 12&#8217;30h)<a href=\"https:\/\/agora.xtec.cat\/escolalavilapalamos\/wp-content\/uploads\/usu897\/2019\/06\/platja-gran-de-Palam\u00f3s-002.jpg\"><\/a> Cal portar:<\/p>\n<ul>\n<li>motxilla amb la tovallola, ampolla d&#8217;aigua i recanvi de roba interior (en una bossa de pl\u00e0stic).<\/li>\n<li>pantal\u00f3 curt,&hellip;  <a href=\"https:\/\/agora.xtec.cat\/escolalavilapalamos\/general\/excursio-de-p3\/\" title=\"Read Excursi\u00f3 de P3\">Llegeix m\u00e9s\u00bb<\/a><br \/>\n","protected":false},"author":128,"featured_media":6031,"comment_status":"open","ping_status":"closed","sticky":false,"template":"","format":"standard","meta":{"_bbp_topic_count":0,"_bbp_reply_count":0,"_bbp_total_topic_count":0,"_bbp_total_reply_count":0,"_bbp_voice_count":0,"_bbp_anonymous_reply_count":0,"_bbp_topic_count_hidden":0,"_bbp_reply_count_hidden":0,"_bbp_forum_subforum_count":0,"footnotes":""},"categories":[2,1,4],"tags":[],"class_list":["post-6030","post","type-post","status-publish","format-standard","has-post-thumbnail","hentry","category-infantil","category-general","category-portada"],"post_mailing_queue_ids":[],"_links":{"self":[{"href":"https:\/\/agora.xtec.cat\/escolalavilapalamos\/wp-json\/wp\/v2\/posts\/6030","targetHints":{"allow":["GET"]}}],"collection":[{"href":"https:\/\/agora.xtec.cat\/escolalavilapalamos\/wp-json\/wp\/v2\/posts"}],"about":[{"href":"https:\/\/agora.xtec.cat\/escolalavilapalamos\/wp-json\/wp\/v2\/types\/post"}],"author":[{"embeddable":true,"href":"https:\/\/agora.xtec.cat\/escolalavilapalamos\/wp-json\/wp\/v2\/users\/128"}],"replies":[{"embeddable":true,"href":"https:\/\/agora.xtec.cat\/escolalavilapalamos\/wp-json\/wp\/v2\/comments?post=6030"}],"version-history":[{"count":3,"href":"https:\/\/agora.xtec.cat\/escolalavilapalamos\/wp-json\/wp\/v2\/posts\/6030\/revisions"}],"predecessor-version":[{"id":6141,"href":"https:\/\/agora.xtec.cat\/escolalavilapalamos\/wp-json\/wp\/v2\/posts\/6030\/revisions\/6141"}],"wp:featuredmedia":[{"embeddable":true,"href":"https:\/\/agora.xtec.cat\/escolalavilapalamos\/wp-json\/wp\/v2\/media\/6031"}],"wp:attachment":[{"href":"https:\/\/agora.xtec.cat\/escolalavilapalamos\/wp-json\/wp\/v2\/media?parent=6030"}],"wp:term":[{"taxonomy":"category","embeddable":true,"href":"https:\/\/agora.xtec.cat\/escolalavilapalamos\/wp-json\/wp\/v2\/categories?post=6030"},{"taxonomy":"post_tag","embeddable":true,"href":"https:\/\/agora.xtec.cat\/escolalavilapalamos\/wp-json\/wp\/v2\/tags?post=6030"}],"curies":[{"name":"wp","href":"https:\/\/api.w.org\/{rel}","templated":true}]}}