{"id":5982,"date":"2019-05-28T12:57:40","date_gmt":"2019-05-28T10:57:40","guid":{"rendered":"http:\/\/agora.xtec.cat\/escolalavilapalamos\/?p=5982"},"modified":"2019-05-29T16:26:35","modified_gmt":"2019-05-29T14:26:35","slug":"concurs-instagram-palamos-paradis-de-lesport","status":"publish","type":"post","link":"https:\/\/agora.xtec.cat\/escolalavilapalamos\/general\/concurs-instagram-palamos-paradis-de-lesport\/","title":{"rendered":"Concurs Instagram \u201cPalam\u00f3s parad\u00eds de l\u2019esport\u201d"},"content":{"rendered":"<div class=\"entry-content\">\n<h6><a href=\"https:\/\/agora.xtec.cat\/escolalavilapalamos\/wp-content\/uploads\/usu897\/2019\/05\/concurs-instagram.jpg\"><img loading=\"lazy\" decoding=\"async\" class=\"size-full wp-image-5983 aligncenter\" src=\"https:\/\/agora.xtec.cat\/escolalavilapalamos\/wp-content\/uploads\/usu897\/2019\/05\/concurs-instagram.jpg\" alt=\"\" width=\"443\" height=\"223\" srcset=\"https:\/\/agora.xtec.cat\/escolalavilapalamos\/wp-content\/uploads\/usu897\/2019\/05\/concurs-instagram.jpg 443w, https:\/\/agora.xtec.cat\/escolalavilapalamos\/wp-content\/uploads\/usu897\/2019\/05\/concurs-instagram-300x151.jpg 300w\" sizes=\"auto, (max-width: 443px) 100vw, 443px\" \/><\/a><\/h6>\n<p>El Departament d&#8217;Esports de l&#8217;Ajuntament de Palam\u00f3s organitza durant el 2019 un concurs de fotografia a Instagram. L&#8217;objectiu \u00e9s reflexar les diferents maneres de fer esport dels nostres nens i nenes, ja sigui en horari lectiu com en activitats fora de l&#8217;escola.<\/p>\n<p>A la nostra escola hi participa l&#8217;educaci\u00f3 prim\u00e0ria. A la comunitat de mitjans s&#8217;organitza des de l&#8217;\u00e0rea d&#8217;Educaci\u00f3 f\u00edsica i a la comunitat de grans es fan les fotografies a casa amb les fam\u00edlies.<\/p>\n<p>Tenim temps fins el divendres 31 de maig.<\/p>\n<p><a href=\"https:\/\/drive.google.com\/open?id=0B5M4Df9uL_GtRmtPOWEwSGk0R2pUd0tJWHY1X01GS0pETXFF\" target=\"_blank\" rel=\"noopener noreferrer\">Bases del concurs<\/a><\/p>\n<\/div>\n","protected":false},"excerpt":{"rendered":"<p><a href=\"https:\/\/agora.xtec.cat\/escolalavilapalamos\/wp-content\/uploads\/usu897\/2019\/05\/concurs-instagram.jpg\"><\/a><br \/>\nEl Departament d&#8217;Esports de l&#8217;Ajuntament de Palam\u00f3s organitza durant el 2019 un concurs de fotografia a Instagram. L&#8217;objectiu \u00e9s reflexar les diferents maneres de fer esport dels nostres nens i nenes, ja sigui en horari lectiu com en activitats fora de l&#8217;escola.<br \/>\nA la nostra&hellip;  <a href=\"https:\/\/agora.xtec.cat\/escolalavilapalamos\/general\/concurs-instagram-palamos-paradis-de-lesport\/\" title=\"Read Concurs Instagram \u201cPalam\u00f3s parad\u00eds de l\u2019esport\u201d\">Llegeix m\u00e9s\u00bb<\/a><\/p>\n","protected":false},"author":1,"featured_media":5983,"comment_status":"open","ping_status":"closed","sticky":false,"template":"","format":"standard","meta":{"_bbp_topic_count":0,"_bbp_reply_count":0,"_bbp_total_topic_count":0,"_bbp_total_reply_count":0,"_bbp_voice_count":0,"_bbp_anonymous_reply_count":0,"_bbp_topic_count_hidden":0,"_bbp_reply_count_hidden":0,"_bbp_forum_subforum_count":0,"footnotes":""},"categories":[128,127,1,4,5],"tags":[],"class_list":["post-5982","post","type-post","status-publish","format-standard","has-post-thumbnail","hentry","category-comunitat-de-grans","category-comunitat-de-mitjans","category-general","category-portada","category-primaria"],"post_mailing_queue_ids":[],"_links":{"self":[{"href":"https:\/\/agora.xtec.cat\/escolalavilapalamos\/wp-json\/wp\/v2\/posts\/5982","targetHints":{"allow":["GET"]}}],"collection":[{"href":"https:\/\/agora.xtec.cat\/escolalavilapalamos\/wp-json\/wp\/v2\/posts"}],"about":[{"href":"https:\/\/agora.xtec.cat\/escolalavilapalamos\/wp-json\/wp\/v2\/types\/post"}],"author":[{"embeddable":true,"href":"https:\/\/agora.xtec.cat\/escolalavilapalamos\/wp-json\/wp\/v2\/users\/1"}],"replies":[{"embeddable":true,"href":"https:\/\/agora.xtec.cat\/escolalavilapalamos\/wp-json\/wp\/v2\/comments?post=5982"}],"version-history":[{"count":3,"href":"https:\/\/agora.xtec.cat\/escolalavilapalamos\/wp-json\/wp\/v2\/posts\/5982\/revisions"}],"predecessor-version":[{"id":5986,"href":"https:\/\/agora.xtec.cat\/escolalavilapalamos\/wp-json\/wp\/v2\/posts\/5982\/revisions\/5986"}],"wp:featuredmedia":[{"embeddable":true,"href":"https:\/\/agora.xtec.cat\/escolalavilapalamos\/wp-json\/wp\/v2\/media\/5983"}],"wp:attachment":[{"href":"https:\/\/agora.xtec.cat\/escolalavilapalamos\/wp-json\/wp\/v2\/media?parent=5982"}],"wp:term":[{"taxonomy":"category","embeddable":true,"href":"https:\/\/agora.xtec.cat\/escolalavilapalamos\/wp-json\/wp\/v2\/categories?post=5982"},{"taxonomy":"post_tag","embeddable":true,"href":"https:\/\/agora.xtec.cat\/escolalavilapalamos\/wp-json\/wp\/v2\/tags?post=5982"}],"curies":[{"name":"wp","href":"https:\/\/api.w.org\/{rel}","templated":true}]}}