{"id":5967,"date":"2019-05-31T16:26:04","date_gmt":"2019-05-31T14:26:04","guid":{"rendered":"http:\/\/agora.xtec.cat\/escolalavilapalamos\/?p=5967"},"modified":"2019-05-31T16:26:04","modified_gmt":"2019-05-31T14:26:04","slug":"casals-destiu-municipals-2019","status":"publish","type":"post","link":"https:\/\/agora.xtec.cat\/escolalavilapalamos\/general\/casals-destiu-municipals-2019\/","title":{"rendered":"Casals d&#8217;estiu municipals 2019"},"content":{"rendered":"<h4><a href=\"https:\/\/agora.xtec.cat\/escolalavilapalamos\/wp-content\/uploads\/usu897\/2019\/05\/Imatge-La-Vila_20190531_153800_001.jpg\"><img loading=\"lazy\" decoding=\"async\" class=\"wp-image-6017 aligncenter\" src=\"https:\/\/agora.xtec.cat\/escolalavilapalamos\/wp-content\/uploads\/usu897\/2019\/05\/Imatge-La-Vila_20190531_153800_001-1024x480.jpg\" alt=\"\" width=\"536\" height=\"251\" srcset=\"https:\/\/agora.xtec.cat\/escolalavilapalamos\/wp-content\/uploads\/usu897\/2019\/05\/Imatge-La-Vila_20190531_153800_001-1024x480.jpg 1024w, https:\/\/agora.xtec.cat\/escolalavilapalamos\/wp-content\/uploads\/usu897\/2019\/05\/Imatge-La-Vila_20190531_153800_001-300x141.jpg 300w, https:\/\/agora.xtec.cat\/escolalavilapalamos\/wp-content\/uploads\/usu897\/2019\/05\/Imatge-La-Vila_20190531_153800_001-768x360.jpg 768w, https:\/\/agora.xtec.cat\/escolalavilapalamos\/wp-content\/uploads\/usu897\/2019\/05\/Imatge-La-Vila_20190531_153800_001.jpg 1121w\" sizes=\"auto, (max-width: 536px) 100vw, 536px\" \/><\/a><\/h4>\n<h4>Reporters La Vila<\/h4>\n<p>Com ja sabeu ja arriben els casals de d&#8217;estiu i casals esportius pels vostres fills.<\/p>\n<p><strong>CASAL D&#8217;ESTIU<\/strong><\/p>\n<p>El lloc \u00e9s a l&#8217; Institut de Palam\u00f3s i a la nau de 50m. Els casals comencen l&#8217; 1 de juliol fins el 30 d&#8217;agost. Hi hauran serveis de menjadador, acollida matinal i acollida de tarda. Hi haur\u00e0 moltes activitats preesportives, tallers , danses hora del conte etc&#8230;<\/p>\n<p><strong>CASAL ESPORTIU<\/strong><\/p>\n<p>El casal esportiu a l&#8217;institut de Palam\u00f3s i a la nau de 50 metres i alguns altres equipaments municipals. De l&#8217;1 de juliol al 30 d&#8217;agost. T\u00e9 servei de menjador, acollida matinal i acollida de tarda.Hi haur\u00e0 jocs adaptats,experimentaci\u00f3 i campionats diaris.<\/p>\n<p>Inscripcions : Del 23 al 31 de maig,de 10 a 14 h i ala tarda de 16 a 19 h en el Punt jove.<\/p>\n","protected":false},"excerpt":{"rendered":"<p><a href=\"https:\/\/agora.xtec.cat\/escolalavilapalamos\/wp-content\/uploads\/usu897\/2019\/05\/Imatge-La-Vila_20190531_153800_001.jpg\"><\/a><br \/>\nReporters La Vila<br \/>\nCom ja sabeu ja arriben els casals de d&#8217;estiu i casals esportius pels vostres fills.<br \/>\nCASAL D&#8217;ESTIU<br \/>\nEl lloc \u00e9s a l&#8217; Institut de Palam\u00f3s i a la nau de 50m. Els casals comencen l&#8217; 1 de juliol fins el 30 d&#8217;agost. Hi hauran&hellip;  <a href=\"https:\/\/agora.xtec.cat\/escolalavilapalamos\/general\/casals-destiu-municipals-2019\/\" title=\"Read Casals d&#8217;estiu municipals 2019\">Llegeix m\u00e9s\u00bb<\/a><\/p>\n","protected":false},"author":1,"featured_media":6017,"comment_status":"open","ping_status":"closed","sticky":false,"template":"","format":"standard","meta":{"_bbp_topic_count":0,"_bbp_reply_count":0,"_bbp_total_topic_count":0,"_bbp_total_reply_count":0,"_bbp_voice_count":0,"_bbp_anonymous_reply_count":0,"_bbp_topic_count_hidden":0,"_bbp_reply_count_hidden":0,"_bbp_forum_subforum_count":0,"footnotes":""},"categories":[2,1,4,5],"tags":[],"class_list":["post-5967","post","type-post","status-publish","format-standard","has-post-thumbnail","hentry","category-infantil","category-general","category-portada","category-primaria"],"post_mailing_queue_ids":[],"_links":{"self":[{"href":"https:\/\/agora.xtec.cat\/escolalavilapalamos\/wp-json\/wp\/v2\/posts\/5967","targetHints":{"allow":["GET"]}}],"collection":[{"href":"https:\/\/agora.xtec.cat\/escolalavilapalamos\/wp-json\/wp\/v2\/posts"}],"about":[{"href":"https:\/\/agora.xtec.cat\/escolalavilapalamos\/wp-json\/wp\/v2\/types\/post"}],"author":[{"embeddable":true,"href":"https:\/\/agora.xtec.cat\/escolalavilapalamos\/wp-json\/wp\/v2\/users\/1"}],"replies":[{"embeddable":true,"href":"https:\/\/agora.xtec.cat\/escolalavilapalamos\/wp-json\/wp\/v2\/comments?post=5967"}],"version-history":[{"count":3,"href":"https:\/\/agora.xtec.cat\/escolalavilapalamos\/wp-json\/wp\/v2\/posts\/5967\/revisions"}],"predecessor-version":[{"id":6018,"href":"https:\/\/agora.xtec.cat\/escolalavilapalamos\/wp-json\/wp\/v2\/posts\/5967\/revisions\/6018"}],"wp:featuredmedia":[{"embeddable":true,"href":"https:\/\/agora.xtec.cat\/escolalavilapalamos\/wp-json\/wp\/v2\/media\/6017"}],"wp:attachment":[{"href":"https:\/\/agora.xtec.cat\/escolalavilapalamos\/wp-json\/wp\/v2\/media?parent=5967"}],"wp:term":[{"taxonomy":"category","embeddable":true,"href":"https:\/\/agora.xtec.cat\/escolalavilapalamos\/wp-json\/wp\/v2\/categories?post=5967"},{"taxonomy":"post_tag","embeddable":true,"href":"https:\/\/agora.xtec.cat\/escolalavilapalamos\/wp-json\/wp\/v2\/tags?post=5967"}],"curies":[{"name":"wp","href":"https:\/\/api.w.org\/{rel}","templated":true}]}}