{"id":5939,"date":"2019-05-22T16:11:53","date_gmt":"2019-05-22T14:11:53","guid":{"rendered":"http:\/\/agora.xtec.cat\/escolalavilapalamos\/?p=5939"},"modified":"2019-05-22T16:11:53","modified_gmt":"2019-05-22T14:11:53","slug":"el-comiat-de-p5-i-6e","status":"publish","type":"post","link":"https:\/\/agora.xtec.cat\/escolalavilapalamos\/general\/el-comiat-de-p5-i-6e\/","title":{"rendered":"El comiat de P5 i 6\u00e9"},"content":{"rendered":"<p><span style=\"font-weight: 400;\">\u00a0 \u00a0 \u00a0 \u00a0 \u00a0 \u00a0 \u00a0 \u00a0 \u00a0 \u00a0 \u00a0 \u00a0 \u00a0 \u00a0 \u00a0 \u00a0 \u00a0 \u00a0 \u00a0 \u00a0 \u00a0 \u00a0 \u00a0 \u00a0 \u00a0 \u00a0 \u00a0 \u00a0 \u00a0 \u00a0 \u00a0 \u00a0 \u00a0 \u00a0 \u00a0 \u00a0 \u00a0 \u00a0 \u00a0 \u00a0 \u00a0 \u00a0 \u00a0 \u00a0 \u00a0 \u00a0 \u00a0 \u00a0 \u00a0 \u00a0 \u00a0 \u00a0 \u00a0 \u00a0 \u00a0 \u00a0 \u00a0 \u00a0 \u00a0 \u00a0 \u00a0 \u00a0 \u00a0 \u00a0 \u00a0 \u00a0<\/span><\/p>\n<p><img loading=\"lazy\" decoding=\"async\" class=\"alignleft\" src=\"https:\/\/lh3.googleusercontent.com\/X3CldHbhipa9_9F-RyI53R5vaHdGNLkGFnIAT2_x6aTPD1A5NcZNi1f65ZLLVAxpMcQ27BS-bG8FoWmlLOCbvsX4yezdvjSsa-vej3G-5JyK8IG9DK-I2CJAdhj2uZY9qxgAhetyojw1wuOodAEWOGovSLSmLJJk2BFSP-dw1LPLsA6nItWt_pGUiS0oxVoqxhqBKAFUHM-1iliVldllsbWjhTfkggviPjD9g3H9jBbWzJbqW4FN0JU_Ip3ljAaBrBET5bm0O8kZATIQhOyrh1QzALqag7VvCeB3Z3v1pjQRGy_4ZMvmeKMahDZRwXFo2JXwqecY-AwPWmhjb2ayNGAqttWbAJ-15ue8wj7VSTHtNOv7PWTaIZioYnjnaO8xecR5cA-Sf999mc1bP-tav0WaW6kAJdnP_8aFn6n5_9eN97g8GOg-F0KLxXKL6BVLEpTDumrAiM-ulFdveBuHnE6Y-6dKJQT7gvcbUbvfZtmmWrISxcvuaZuFV3BS-iyM_XgcKqNC30YDbZSAcXSyeAXIOf6oOKxx1MHvx4HI99mMprkP9VGyQRvdeH1WpK_Bb7kDj27WJf-iDL9XTkQERQOixYXeX9pZYkTa3hmxKuCy5HP-DDPp_1UcR7QaZPp0PxAS3N1Cbcbk3tkYVy769_fg3ZlOLDelkmxTEiRsRw=w1175-h766-no\" alt=\"Resultado de imagen de escola la vila\" width=\"247\" height=\"161\" \/><span style=\"font-family: inherit; font-size: 1em;\">El D\u00eda 19 de Juny al mat\u00ed farem la festa de comiat de P5 al vespre farem el comiat de 6\u00e9,totes les fam\u00edlies esteu convidades,a les 20:00 del dia 22 de Juny,i el de P5 a les 9:30 del mat\u00ed el D\u00eda 20 de Juny.<\/span><\/p>\n","protected":false},"excerpt":{"rendered":"<p>\u00a0 \u00a0 \u00a0 \u00a0 \u00a0 \u00a0 \u00a0 \u00a0 \u00a0 \u00a0 \u00a0 \u00a0 \u00a0 \u00a0 \u00a0 \u00a0 \u00a0 \u00a0 \u00a0 \u00a0 \u00a0 \u00a0 \u00a0 \u00a0 \u00a0 \u00a0 \u00a0 \u00a0 \u00a0 \u00a0 \u00a0 \u00a0 \u00a0 \u00a0 \u00a0 \u00a0 \u00a0 \u00a0 \u00a0 \u00a0 \u00a0 \u00a0 \u00a0 \u00a0 \u00a0&hellip;  <a href=\"https:\/\/agora.xtec.cat\/escolalavilapalamos\/general\/el-comiat-de-p5-i-6e\/\" title=\"Read El comiat de P5 i 6\u00e9\">Llegeix m\u00e9s\u00bb<\/a><\/p>\n","protected":false},"author":1,"featured_media":0,"comment_status":"open","ping_status":"closed","sticky":false,"template":"","format":"standard","meta":{"_bbp_topic_count":0,"_bbp_reply_count":0,"_bbp_total_topic_count":0,"_bbp_total_reply_count":0,"_bbp_voice_count":0,"_bbp_anonymous_reply_count":0,"_bbp_topic_count_hidden":0,"_bbp_reply_count_hidden":0,"_bbp_forum_subforum_count":0,"footnotes":""},"categories":[1],"tags":[],"class_list":["post-5939","post","type-post","status-publish","format-standard","hentry","category-general"],"post_mailing_queue_ids":[],"_links":{"self":[{"href":"https:\/\/agora.xtec.cat\/escolalavilapalamos\/wp-json\/wp\/v2\/posts\/5939","targetHints":{"allow":["GET"]}}],"collection":[{"href":"https:\/\/agora.xtec.cat\/escolalavilapalamos\/wp-json\/wp\/v2\/posts"}],"about":[{"href":"https:\/\/agora.xtec.cat\/escolalavilapalamos\/wp-json\/wp\/v2\/types\/post"}],"author":[{"embeddable":true,"href":"https:\/\/agora.xtec.cat\/escolalavilapalamos\/wp-json\/wp\/v2\/users\/1"}],"replies":[{"embeddable":true,"href":"https:\/\/agora.xtec.cat\/escolalavilapalamos\/wp-json\/wp\/v2\/comments?post=5939"}],"version-history":[{"count":4,"href":"https:\/\/agora.xtec.cat\/escolalavilapalamos\/wp-json\/wp\/v2\/posts\/5939\/revisions"}],"predecessor-version":[{"id":5968,"href":"https:\/\/agora.xtec.cat\/escolalavilapalamos\/wp-json\/wp\/v2\/posts\/5939\/revisions\/5968"}],"wp:attachment":[{"href":"https:\/\/agora.xtec.cat\/escolalavilapalamos\/wp-json\/wp\/v2\/media?parent=5939"}],"wp:term":[{"taxonomy":"category","embeddable":true,"href":"https:\/\/agora.xtec.cat\/escolalavilapalamos\/wp-json\/wp\/v2\/categories?post=5939"},{"taxonomy":"post_tag","embeddable":true,"href":"https:\/\/agora.xtec.cat\/escolalavilapalamos\/wp-json\/wp\/v2\/tags?post=5939"}],"curies":[{"name":"wp","href":"https:\/\/api.w.org\/{rel}","templated":true}]}}