{"id":5937,"date":"2019-07-01T16:07:55","date_gmt":"2019-07-01T14:07:55","guid":{"rendered":"http:\/\/agora.xtec.cat\/escolalavilapalamos\/?p=5937"},"modified":"2019-09-04T11:01:48","modified_gmt":"2019-09-04T09:01:48","slug":"2a-fira-del-conte","status":"publish","type":"post","link":"https:\/\/agora.xtec.cat\/escolalavilapalamos\/general\/2a-fira-del-conte\/","title":{"rendered":"2\u00aa Fira del conte a Palam\u00f3s"},"content":{"rendered":"<p><a href=\"https:\/\/agora.xtec.cat\/escolalavilapalamos\/wp-content\/uploads\/usu897\/2019\/07\/Fira-del-conte.jpg\"><img loading=\"lazy\" decoding=\"async\" class=\"wp-image-6006 alignleft\" src=\"https:\/\/agora.xtec.cat\/escolalavilapalamos\/wp-content\/uploads\/usu897\/2019\/07\/Fira-del-conte.jpg\" alt=\"\" width=\"330\" height=\"349\" srcset=\"https:\/\/agora.xtec.cat\/escolalavilapalamos\/wp-content\/uploads\/usu897\/2019\/07\/Fira-del-conte.jpg 498w, https:\/\/agora.xtec.cat\/escolalavilapalamos\/wp-content\/uploads\/usu897\/2019\/07\/Fira-del-conte-283x300.jpg 283w\" sizes=\"auto, (max-width: 330px) 100vw, 330px\" \/><\/a>El dia 6 i 7 de juliol t\u00e9 lloc la <strong>2a Fira del conte a Palam\u00f3s<\/strong>.<\/p>\n<p>Dissabte 6 de juliol faran la inauguraci\u00f3 a la pla\u00e7a dels abres a les 18:30h, amb gegants i capgrossos de Calonge a les 19.00h.<\/p>\n<p>Dissabte 7 de juliol al mat\u00ed contacontes en angl\u00e8s de 10.30h a 11.00h i m\u00e9s contacontes\u00a0 en catala i castell\u00e1.<\/p>\n<p>A les 16:30 de 17:00 taller\u00a0 d&#8217; il\u00b7lustraci\u00f3 per totes les edats i a la mateixa hora la carpa del llop.<\/p>\n<p>Us podeu descarregar el programa <a href=\"https:\/\/drive.google.com\/file\/d\/1zXDKlSLwnmIQVktZXF4l0BRHbSaOwK8e\/view?usp=sharing\">aqu\u00ed<\/a><\/p>\n","protected":false},"excerpt":{"rendered":"<p><a href=\"https:\/\/agora.xtec.cat\/escolalavilapalamos\/wp-content\/uploads\/usu897\/2019\/07\/Fira-del-conte.jpg\"><\/a>El dia 6 i 7 de juliol t\u00e9 lloc la 2a Fira del conte a Palam\u00f3s.<br \/>\nDissabte 6 de juliol faran la inauguraci\u00f3 a la pla\u00e7a dels abres a les 18:30h, amb gegants i capgrossos de Calonge a les 19.00h.<br \/>\nDissabte 7 de juliol al mat\u00ed&hellip;  <a href=\"https:\/\/agora.xtec.cat\/escolalavilapalamos\/general\/2a-fira-del-conte\/\" title=\"Read 2\u00aa Fira del conte a Palam\u00f3s\">Llegeix m\u00e9s\u00bb<\/a><\/p>\n","protected":false},"author":1,"featured_media":6006,"comment_status":"open","ping_status":"closed","sticky":false,"template":"","format":"standard","meta":{"_bbp_topic_count":0,"_bbp_reply_count":0,"_bbp_total_topic_count":0,"_bbp_total_reply_count":0,"_bbp_voice_count":0,"_bbp_anonymous_reply_count":0,"_bbp_topic_count_hidden":0,"_bbp_reply_count_hidden":0,"_bbp_forum_subforum_count":0,"footnotes":""},"categories":[2,1,4,5],"tags":[],"class_list":["post-5937","post","type-post","status-publish","format-standard","has-post-thumbnail","hentry","category-infantil","category-general","category-portada","category-primaria"],"post_mailing_queue_ids":[],"_links":{"self":[{"href":"https:\/\/agora.xtec.cat\/escolalavilapalamos\/wp-json\/wp\/v2\/posts\/5937","targetHints":{"allow":["GET"]}}],"collection":[{"href":"https:\/\/agora.xtec.cat\/escolalavilapalamos\/wp-json\/wp\/v2\/posts"}],"about":[{"href":"https:\/\/agora.xtec.cat\/escolalavilapalamos\/wp-json\/wp\/v2\/types\/post"}],"author":[{"embeddable":true,"href":"https:\/\/agora.xtec.cat\/escolalavilapalamos\/wp-json\/wp\/v2\/users\/1"}],"replies":[{"embeddable":true,"href":"https:\/\/agora.xtec.cat\/escolalavilapalamos\/wp-json\/wp\/v2\/comments?post=5937"}],"version-history":[{"count":2,"href":"https:\/\/agora.xtec.cat\/escolalavilapalamos\/wp-json\/wp\/v2\/posts\/5937\/revisions"}],"predecessor-version":[{"id":6008,"href":"https:\/\/agora.xtec.cat\/escolalavilapalamos\/wp-json\/wp\/v2\/posts\/5937\/revisions\/6008"}],"wp:featuredmedia":[{"embeddable":true,"href":"https:\/\/agora.xtec.cat\/escolalavilapalamos\/wp-json\/wp\/v2\/media\/6006"}],"wp:attachment":[{"href":"https:\/\/agora.xtec.cat\/escolalavilapalamos\/wp-json\/wp\/v2\/media?parent=5937"}],"wp:term":[{"taxonomy":"category","embeddable":true,"href":"https:\/\/agora.xtec.cat\/escolalavilapalamos\/wp-json\/wp\/v2\/categories?post=5937"},{"taxonomy":"post_tag","embeddable":true,"href":"https:\/\/agora.xtec.cat\/escolalavilapalamos\/wp-json\/wp\/v2\/tags?post=5937"}],"curies":[{"name":"wp","href":"https:\/\/api.w.org\/{rel}","templated":true}]}}