{"id":5932,"date":"2019-05-21T17:22:38","date_gmt":"2019-05-21T15:22:38","guid":{"rendered":"http:\/\/agora.xtec.cat\/escolalavilapalamos\/?p=5932"},"modified":"2019-05-27T12:38:13","modified_gmt":"2019-05-27T10:38:13","slug":"amors-i-desamors-de-hoffmann-2","status":"publish","type":"post","link":"https:\/\/agora.xtec.cat\/escolalavilapalamos\/general\/amors-i-desamors-de-hoffmann-2\/","title":{"rendered":"Amors i desamors de Hoffmann"},"content":{"rendered":"<p>Els nois i noies de 5\u00e8 van representar l\u2019obra de teatre <a href=\"https:\/\/ca.wikipedia.org\/wiki\/Les_contes_d%E2%80%99Hoffmann\"><strong>Amors i desamors de Hoffmann<\/strong> <\/a>el dissabte 11 de maig de 2019 a l<em>a Mostra de Teatre Infantil de Palam\u00f3s. <\/em>Amb aquesta obra es recorden els 200 anys del naixement de <strong>Jaques Offenbach<\/strong>. La can\u00e7\u00f3 m\u00e9s\u00a0 important d\u2019 aquesta obra \u00e9s <strong>La barcola. <\/strong><\/p>\n<p><iframe loading=\"lazy\" src=\"\/\/www.youtube.com\/embed\/WSOtkOCrTYw\" width=\"560\" height=\"314\" allowfullscreen=\"allowfullscreen\"><\/iframe><\/p>\n<p><iframe loading=\"lazy\" src=\"\/\/www.youtube.com\/embed\/zA4J17qxaaE\" width=\"560\" height=\"314\" allowfullscreen=\"allowfullscreen\"><\/iframe><\/p>\n<p><a href=\"https:\/\/ca.wikipedia.org\/wiki\/Jacques_Offenbach\"><b>Jacques Offenbach<\/b><\/a>\u00a0(Col\u00f2nia,\u00a020 de juny\u00a0de\u00a01819\u00a0\u2013\u00a0Par\u00eds,\u00a05 d\u2019octubre\u00a0de\u00a01880) fou un\u00a0compositor\u00a0i\u00a0violoncel\u00b7lista\u00a0alemany\u00a0nacionalitzat\u00a0franc\u00e8s, va ser un dels creadors de g\u00e8nere de l\u2019opereta\u00a0i un precursor de la moderna\u00a0com\u00e8dia musical.<\/p>\n","protected":false},"excerpt":{"rendered":"<p>Els nois i noies de 5\u00e8 van representar l\u2019obra de teatre <a href=\"https:\/\/ca.wikipedia.org\/wiki\/Les_contes_d%E2%80%99Hoffmann\">Amors i desamors de Hoffmann <\/a>el dissabte 11 de maig de 2019 a la Mostra de Teatre Infantil de Palam\u00f3s. Amb aquesta obra es recorden els 200 anys del naixement de Jaques Offenbach.&hellip;  <a href=\"https:\/\/agora.xtec.cat\/escolalavilapalamos\/general\/amors-i-desamors-de-hoffmann-2\/\" title=\"Read Amors i desamors de Hoffmann\">Llegeix m\u00e9s\u00bb<\/a><\/p>\n","protected":false},"author":1,"featured_media":5142,"comment_status":"open","ping_status":"closed","sticky":false,"template":"","format":"standard","meta":{"_bbp_topic_count":0,"_bbp_reply_count":0,"_bbp_total_topic_count":0,"_bbp_total_reply_count":0,"_bbp_voice_count":0,"_bbp_anonymous_reply_count":0,"_bbp_topic_count_hidden":0,"_bbp_reply_count_hidden":0,"_bbp_forum_subforum_count":0,"footnotes":""},"categories":[128,1,4,5],"tags":[],"class_list":["post-5932","post","type-post","status-publish","format-standard","has-post-thumbnail","hentry","category-comunitat-de-grans","category-general","category-portada","category-primaria"],"post_mailing_queue_ids":[],"_links":{"self":[{"href":"https:\/\/agora.xtec.cat\/escolalavilapalamos\/wp-json\/wp\/v2\/posts\/5932","targetHints":{"allow":["GET"]}}],"collection":[{"href":"https:\/\/agora.xtec.cat\/escolalavilapalamos\/wp-json\/wp\/v2\/posts"}],"about":[{"href":"https:\/\/agora.xtec.cat\/escolalavilapalamos\/wp-json\/wp\/v2\/types\/post"}],"author":[{"embeddable":true,"href":"https:\/\/agora.xtec.cat\/escolalavilapalamos\/wp-json\/wp\/v2\/users\/1"}],"replies":[{"embeddable":true,"href":"https:\/\/agora.xtec.cat\/escolalavilapalamos\/wp-json\/wp\/v2\/comments?post=5932"}],"version-history":[{"count":2,"href":"https:\/\/agora.xtec.cat\/escolalavilapalamos\/wp-json\/wp\/v2\/posts\/5932\/revisions"}],"predecessor-version":[{"id":5934,"href":"https:\/\/agora.xtec.cat\/escolalavilapalamos\/wp-json\/wp\/v2\/posts\/5932\/revisions\/5934"}],"wp:featuredmedia":[{"embeddable":true,"href":"https:\/\/agora.xtec.cat\/escolalavilapalamos\/wp-json\/wp\/v2\/media\/5142"}],"wp:attachment":[{"href":"https:\/\/agora.xtec.cat\/escolalavilapalamos\/wp-json\/wp\/v2\/media?parent=5932"}],"wp:term":[{"taxonomy":"category","embeddable":true,"href":"https:\/\/agora.xtec.cat\/escolalavilapalamos\/wp-json\/wp\/v2\/categories?post=5932"},{"taxonomy":"post_tag","embeddable":true,"href":"https:\/\/agora.xtec.cat\/escolalavilapalamos\/wp-json\/wp\/v2\/tags?post=5932"}],"curies":[{"name":"wp","href":"https:\/\/api.w.org\/{rel}","templated":true}]}}