{"id":5915,"date":"2019-05-21T12:44:18","date_gmt":"2019-05-21T10:44:18","guid":{"rendered":"http:\/\/agora.xtec.cat\/escolalavilapalamos\/?p=5915"},"modified":"2019-05-24T11:50:59","modified_gmt":"2019-05-24T09:50:59","slug":"9e-torneig-interescolar-de-bitlles-catalanes","status":"publish","type":"post","link":"https:\/\/agora.xtec.cat\/escolalavilapalamos\/general\/9e-torneig-interescolar-de-bitlles-catalanes\/","title":{"rendered":"9\u00e8 Torneig interescolar de bitlles catalanes"},"content":{"rendered":"<p><a href=\"https:\/\/agora.xtec.cat\/escolalavilapalamos\/wp-content\/uploads\/usu897\/2019\/05\/D7RQG8gXsAA1KDx.jpg-large.jpg\"><img loading=\"lazy\" decoding=\"async\" class=\" wp-image-5954 alignleft\" src=\"https:\/\/agora.xtec.cat\/escolalavilapalamos\/wp-content\/uploads\/usu897\/2019\/05\/D7RQG8gXsAA1KDx.jpg-large.jpg\" alt=\"\" width=\"309\" height=\"432\" srcset=\"https:\/\/agora.xtec.cat\/escolalavilapalamos\/wp-content\/uploads\/usu897\/2019\/05\/D7RQG8gXsAA1KDx.jpg-large.jpg 448w, https:\/\/agora.xtec.cat\/escolalavilapalamos\/wp-content\/uploads\/usu897\/2019\/05\/D7RQG8gXsAA1KDx.jpg-large-214x300.jpg 214w\" sizes=\"auto, (max-width: 309px) 100vw, 309px\" \/><\/a>El proper dilluns 27 de maig es celebra el <strong>9\u00e8 torneig interescolar de bitlles catalane<\/strong>s al pati de l&#8217;escola Vila-rom\u00e0, organitzat per l&#8217;AFA de l&#8217;escola Vila-rom\u00e0 i el Club de bitlles catalanes de Palam\u00f3s. Aquest campionat est\u00e0 pensat pels alumnes de cicle mitj\u00e0 i superior de les escoles de Palam\u00f3s.<\/p>\n<p>Hi haur\u00e0 copes pels 3 primers classificats de cada curs, medalles per a tothom i berenar saludable pels jugadors\/es i acompanyants.<\/p>\n<p>&nbsp;<\/p>\n<p>&nbsp;<\/p>\n<p>&nbsp;<\/p>\n<p>&nbsp;<\/p>\n","protected":false},"excerpt":{"rendered":"<p><a href=\"https:\/\/agora.xtec.cat\/escolalavilapalamos\/wp-content\/uploads\/usu897\/2019\/05\/D7RQG8gXsAA1KDx.jpg-large.jpg\"><\/a>El proper dilluns 27 de maig es celebra el 9\u00e8 torneig interescolar de bitlles catalanes al pati de l&#8217;escola Vila-rom\u00e0, organitzat per l&#8217;AFA de l&#8217;escola Vila-rom\u00e0 i el Club de bitlles catalanes de Palam\u00f3s. Aquest campionat est\u00e0 pensat pels alumnes de cicle mitj\u00e0 i&hellip;  <a href=\"https:\/\/agora.xtec.cat\/escolalavilapalamos\/general\/9e-torneig-interescolar-de-bitlles-catalanes\/\" title=\"Read 9\u00e8 Torneig interescolar de bitlles catalanes\">Llegeix m\u00e9s\u00bb<\/a><\/p>\n","protected":false},"author":1,"featured_media":5954,"comment_status":"open","ping_status":"closed","sticky":false,"template":"","format":"standard","meta":{"_bbp_topic_count":0,"_bbp_reply_count":0,"_bbp_total_topic_count":0,"_bbp_total_reply_count":0,"_bbp_voice_count":0,"_bbp_anonymous_reply_count":0,"_bbp_topic_count_hidden":0,"_bbp_reply_count_hidden":0,"_bbp_forum_subforum_count":0,"footnotes":""},"categories":[128,1,4,5],"tags":[],"class_list":["post-5915","post","type-post","status-publish","format-standard","has-post-thumbnail","hentry","category-comunitat-de-grans","category-general","category-portada","category-primaria"],"post_mailing_queue_ids":[],"_links":{"self":[{"href":"https:\/\/agora.xtec.cat\/escolalavilapalamos\/wp-json\/wp\/v2\/posts\/5915","targetHints":{"allow":["GET"]}}],"collection":[{"href":"https:\/\/agora.xtec.cat\/escolalavilapalamos\/wp-json\/wp\/v2\/posts"}],"about":[{"href":"https:\/\/agora.xtec.cat\/escolalavilapalamos\/wp-json\/wp\/v2\/types\/post"}],"author":[{"embeddable":true,"href":"https:\/\/agora.xtec.cat\/escolalavilapalamos\/wp-json\/wp\/v2\/users\/1"}],"replies":[{"embeddable":true,"href":"https:\/\/agora.xtec.cat\/escolalavilapalamos\/wp-json\/wp\/v2\/comments?post=5915"}],"version-history":[{"count":2,"href":"https:\/\/agora.xtec.cat\/escolalavilapalamos\/wp-json\/wp\/v2\/posts\/5915\/revisions"}],"predecessor-version":[{"id":5955,"href":"https:\/\/agora.xtec.cat\/escolalavilapalamos\/wp-json\/wp\/v2\/posts\/5915\/revisions\/5955"}],"wp:featuredmedia":[{"embeddable":true,"href":"https:\/\/agora.xtec.cat\/escolalavilapalamos\/wp-json\/wp\/v2\/media\/5954"}],"wp:attachment":[{"href":"https:\/\/agora.xtec.cat\/escolalavilapalamos\/wp-json\/wp\/v2\/media?parent=5915"}],"wp:term":[{"taxonomy":"category","embeddable":true,"href":"https:\/\/agora.xtec.cat\/escolalavilapalamos\/wp-json\/wp\/v2\/categories?post=5915"},{"taxonomy":"post_tag","embeddable":true,"href":"https:\/\/agora.xtec.cat\/escolalavilapalamos\/wp-json\/wp\/v2\/tags?post=5915"}],"curies":[{"name":"wp","href":"https:\/\/api.w.org\/{rel}","templated":true}]}}