{"id":5893,"date":"2019-05-16T12:23:28","date_gmt":"2019-05-16T10:23:28","guid":{"rendered":"http:\/\/agora.xtec.cat\/escolalavilapalamos\/?p=5893"},"modified":"2019-05-17T11:11:22","modified_gmt":"2019-05-17T09:11:22","slug":"anem-a-la-gorga-a-veure-dansa-3","status":"publish","type":"post","link":"https:\/\/agora.xtec.cat\/escolalavilapalamos\/general\/anem-a-la-gorga-a-veure-dansa-3\/","title":{"rendered":"Anem a la Gorga a veure dansa"},"content":{"rendered":"<p>Aquesta setmana els nens i nenes de Prim\u00e0ria anem al <strong>Teatre la Gorga<\/strong>.<\/p>\n<p><strong><a href=\"https:\/\/agora.xtec.cat\/escolalavilapalamos\/wp-content\/uploads\/usu897\/2019\/05\/SEA-muy-peque.jpg\"><img loading=\"lazy\" decoding=\"async\" class=\"wp-image-5897 alignleft\" src=\"https:\/\/agora.xtec.cat\/escolalavilapalamos\/wp-content\/uploads\/usu897\/2019\/05\/SEA-muy-peque.jpg\" alt=\"\" width=\"412\" height=\"274\" srcset=\"https:\/\/agora.xtec.cat\/escolalavilapalamos\/wp-content\/uploads\/usu897\/2019\/05\/SEA-muy-peque.jpg 498w, https:\/\/agora.xtec.cat\/escolalavilapalamos\/wp-content\/uploads\/usu897\/2019\/05\/SEA-muy-peque-300x199.jpg 300w\" sizes=\"auto, (max-width: 412px) 100vw, 412px\" \/><\/a>Divendres 17 de maig<\/strong> al mat\u00ed, els nens i nenes de 1r i 2n anem a veure l&#8217;obra <strong>Pinocchio <\/strong>de la companyia Roseland Musical. <a href=\"https:\/\/youtu.be\/aALAz83noZ8\">Podeu veure una mostra de l&#8217;espectacle clicant l&#8217;enlla\u00e7<\/a>. <a href=\"https:\/\/drive.google.com\/file\/d\/0B0P6-dzfPaO5SzRGZUJWRUJZajJRY0h4MFpIZDlGQTBFTG40\/view?usp=sharing\">Fitxa t\u00e8cnica de l&#8217;obra<\/a>.<\/p>\n<p><strong>Dimarts 21 de maig <\/strong>al mat\u00ed els nens i nenes de 5\u00e8 i 6\u00e8 anem a veure tamb\u00e9 l&#8217;obra <strong>Creuer Costa Red Palam\u00f3s<\/strong> de la companyia CobosMika Seed&#8217;s.<\/p>\n<p><strong>Dimecres 22 de maig <\/strong>al mat\u00ed els nens i nenes de 3r i 4t anem a veure l&#8217;obra <strong>Creuer Costa Red Palam\u00f3s<\/strong> de la companyia CobosMika Seed&#8217;s. <a href=\"https:\/\/drive.google.com\/file\/d\/0B0P6-dzfPaO5SzRGZUJWRUJZajJRY0h4MFpIZDlGQTBFTG40\/view?usp=sharing\">Fitxa t\u00e8cnica de l&#8217;obra.<\/a><\/p>\n<p>Tamb\u00e9 podeu consultar les fitxes t\u00e8cniques de les obres de teatre per con\u00e8ixer millor la companyia i els artistes.<\/p>\n","protected":false},"excerpt":{"rendered":"<p>Aquesta setmana els nens i nenes de Prim\u00e0ria anem al Teatre la Gorga.<br \/>\n<a href=\"https:\/\/agora.xtec.cat\/escolalavilapalamos\/wp-content\/uploads\/usu897\/2019\/05\/SEA-muy-peque.jpg\"><\/a>Divendres 17 de maig al mat\u00ed, els nens i nenes de 1r i 2n anem a veure l&#8217;obra Pinocchio de la companyia Roseland Musical. <a href=\"https:\/\/youtu.be\/aALAz83noZ8\">Podeu veure una mostra de l&#8217;espectacle clicant&hellip;  <a href=\"https:\/\/agora.xtec.cat\/escolalavilapalamos\/general\/anem-a-la-gorga-a-veure-dansa-3\/\" title=\"Read Anem a la Gorga a veure dansa\">Llegeix m\u00e9s\u00bb<\/a><\/p>\n","protected":false},"author":1,"featured_media":5897,"comment_status":"open","ping_status":"closed","sticky":false,"template":"","format":"standard","meta":{"_bbp_topic_count":0,"_bbp_reply_count":0,"_bbp_total_topic_count":0,"_bbp_total_reply_count":0,"_bbp_voice_count":0,"_bbp_anonymous_reply_count":0,"_bbp_topic_count_hidden":0,"_bbp_reply_count_hidden":0,"_bbp_forum_subforum_count":0,"footnotes":""},"categories":[128,127,1,4,5],"tags":[],"class_list":["post-5893","post","type-post","status-publish","format-standard","has-post-thumbnail","hentry","category-comunitat-de-grans","category-comunitat-de-mitjans","category-general","category-portada","category-primaria"],"post_mailing_queue_ids":[],"_links":{"self":[{"href":"https:\/\/agora.xtec.cat\/escolalavilapalamos\/wp-json\/wp\/v2\/posts\/5893","targetHints":{"allow":["GET"]}}],"collection":[{"href":"https:\/\/agora.xtec.cat\/escolalavilapalamos\/wp-json\/wp\/v2\/posts"}],"about":[{"href":"https:\/\/agora.xtec.cat\/escolalavilapalamos\/wp-json\/wp\/v2\/types\/post"}],"author":[{"embeddable":true,"href":"https:\/\/agora.xtec.cat\/escolalavilapalamos\/wp-json\/wp\/v2\/users\/1"}],"replies":[{"embeddable":true,"href":"https:\/\/agora.xtec.cat\/escolalavilapalamos\/wp-json\/wp\/v2\/comments?post=5893"}],"version-history":[{"count":3,"href":"https:\/\/agora.xtec.cat\/escolalavilapalamos\/wp-json\/wp\/v2\/posts\/5893\/revisions"}],"predecessor-version":[{"id":5899,"href":"https:\/\/agora.xtec.cat\/escolalavilapalamos\/wp-json\/wp\/v2\/posts\/5893\/revisions\/5899"}],"wp:featuredmedia":[{"embeddable":true,"href":"https:\/\/agora.xtec.cat\/escolalavilapalamos\/wp-json\/wp\/v2\/media\/5897"}],"wp:attachment":[{"href":"https:\/\/agora.xtec.cat\/escolalavilapalamos\/wp-json\/wp\/v2\/media?parent=5893"}],"wp:term":[{"taxonomy":"category","embeddable":true,"href":"https:\/\/agora.xtec.cat\/escolalavilapalamos\/wp-json\/wp\/v2\/categories?post=5893"},{"taxonomy":"post_tag","embeddable":true,"href":"https:\/\/agora.xtec.cat\/escolalavilapalamos\/wp-json\/wp\/v2\/tags?post=5893"}],"curies":[{"name":"wp","href":"https:\/\/api.w.org\/{rel}","templated":true}]}}