{"id":5874,"date":"2019-05-13T11:15:20","date_gmt":"2019-05-13T09:15:20","guid":{"rendered":"http:\/\/agora.xtec.cat\/escolalavilapalamos\/?p=5874"},"modified":"2019-05-20T12:52:21","modified_gmt":"2019-05-20T10:52:21","slug":"concurs-tisner-de-creacio-de-jocs-de-llengua-en-catala-2","status":"publish","type":"post","link":"https:\/\/agora.xtec.cat\/escolalavilapalamos\/general\/concurs-tisner-de-creacio-de-jocs-de-llengua-en-catala-2\/","title":{"rendered":"Concurs T\u00edsner de creaci\u00f3 de jocs de llengua en Catal\u00e0"},"content":{"rendered":"<p>Els\/les\u00a0 alumnes de 6\u00e8 hem participat en el <strong>5\u00e8 concurs T\u00edsner de creaci\u00f3 de jocs de llengua en Catal\u00e0<\/strong>. Hem presentat dos jocs, un per classe.<a href=\"https:\/\/agora.xtec.cat\/escolalavilapalamos\/wp-content\/uploads\/usu897\/2019\/05\/5econcurstisner.jpg\"><img loading=\"lazy\" decoding=\"async\" class=\" wp-image-5875 alignright\" src=\"https:\/\/agora.xtec.cat\/escolalavilapalamos\/wp-content\/uploads\/usu897\/2019\/05\/5econcurstisner.jpg\" alt=\"\" width=\"321\" height=\"215\" srcset=\"https:\/\/agora.xtec.cat\/escolalavilapalamos\/wp-content\/uploads\/usu897\/2019\/05\/5econcurstisner.jpg 410w, https:\/\/agora.xtec.cat\/escolalavilapalamos\/wp-content\/uploads\/usu897\/2019\/05\/5econcurstisner-300x201.jpg 300w\" sizes=\"auto, (max-width: 321px) 100vw, 321px\" \/><\/a><\/p>\n<p><strong>El \u00a0diumenge 2 de juny<\/strong>,\u00a0a l&#8217; Auditori de Barcelona, la Plataforma per la Llengua celebrar\u00e0 l&#8217; acte de lliurament dels premis de la\u00a0<a href=\"https:\/\/jocsijoguines.cat\/concurs-tisner\/\">5a edici\u00f3 del Concurs T\u00edsner de Creaci\u00f3 de Jocs de Catal\u00e0<\/a>.<\/p>\n<p>A partir de les\u00a0<strong>10.30 h, l&#8217; Auditori obrir\u00e0 portes<\/strong>\u00a0per a poder visitar\u00a0l&#8217; exposici\u00f3 dels jocs que han participat en aquesta edici\u00f3. A les\u00a0<strong>11.30 h s\u2019iniciar\u00e0\u00a0l&#8217; acte de lliurament de premis<\/strong>.<\/p>\n<p>Al ser un dia festiu, hi haur\u00e0 una petita representaci\u00f3 de l\u2019escola per recollir els diplomes i, si s\u2019escau, recollir els premis. \u00a0Ens agradaria que els alumnes tamb\u00e9 hi assistissin, acompanyats per les fam\u00edlies.<\/p>\n<p>Des de la organitzaci\u00f3 ens demanen el nombre d\u2019assistents per tal de reservar llocs . Les tutores ho haur\u00edem de saber al llarg de la setmana, com a molt tard el divendres 17 de maig. Moltes gr\u00e0cies,<\/p>\n<p>Tutores de 6\u00e8.<\/p>\n<p><a href=\"https:\/\/drive.google.com\/file\/d\/1sL1VZ7dYi_xdOxiJgKyYfNAcf2-glqjX\/view?usp=sharing\">Circular informativa<\/a><\/p>\n<p><a href=\"https:\/\/jocsijoguines.cat\/concurs-tisner\/\">5a edici\u00f3 del Concurs T\u00edsner de Creaci\u00f3 de Jocs de Catal\u00e0<\/a>.<\/p>\n","protected":false},"excerpt":{"rendered":"<p>Els\/les\u00a0 alumnes de 6\u00e8 hem participat en el 5\u00e8 concurs T\u00edsner de creaci\u00f3 de jocs de llengua en Catal\u00e0. Hem presentat dos jocs, un per classe.<a href=\"https:\/\/agora.xtec.cat\/escolalavilapalamos\/wp-content\/uploads\/usu897\/2019\/05\/5econcurstisner.jpg\"><\/a><br \/>\nEl \u00a0diumenge 2 de juny,\u00a0a l&#8217; Auditori de Barcelona, la Plataforma per la Llengua celebrar\u00e0 l&#8217; acte de lliurament&hellip;  <a href=\"https:\/\/agora.xtec.cat\/escolalavilapalamos\/general\/concurs-tisner-de-creacio-de-jocs-de-llengua-en-catala-2\/\" title=\"Read Concurs T\u00edsner de creaci\u00f3 de jocs de llengua en Catal\u00e0\">Llegeix m\u00e9s\u00bb<\/a><\/p>\n","protected":false},"author":1,"featured_media":5875,"comment_status":"open","ping_status":"closed","sticky":false,"template":"","format":"standard","meta":{"_bbp_topic_count":0,"_bbp_reply_count":0,"_bbp_total_topic_count":0,"_bbp_total_reply_count":0,"_bbp_voice_count":0,"_bbp_anonymous_reply_count":0,"_bbp_topic_count_hidden":0,"_bbp_reply_count_hidden":0,"_bbp_forum_subforum_count":0,"footnotes":""},"categories":[128,1,4,5],"tags":[],"class_list":["post-5874","post","type-post","status-publish","format-standard","has-post-thumbnail","hentry","category-comunitat-de-grans","category-general","category-portada","category-primaria"],"post_mailing_queue_ids":[],"_links":{"self":[{"href":"https:\/\/agora.xtec.cat\/escolalavilapalamos\/wp-json\/wp\/v2\/posts\/5874","targetHints":{"allow":["GET"]}}],"collection":[{"href":"https:\/\/agora.xtec.cat\/escolalavilapalamos\/wp-json\/wp\/v2\/posts"}],"about":[{"href":"https:\/\/agora.xtec.cat\/escolalavilapalamos\/wp-json\/wp\/v2\/types\/post"}],"author":[{"embeddable":true,"href":"https:\/\/agora.xtec.cat\/escolalavilapalamos\/wp-json\/wp\/v2\/users\/1"}],"replies":[{"embeddable":true,"href":"https:\/\/agora.xtec.cat\/escolalavilapalamos\/wp-json\/wp\/v2\/comments?post=5874"}],"version-history":[{"count":3,"href":"https:\/\/agora.xtec.cat\/escolalavilapalamos\/wp-json\/wp\/v2\/posts\/5874\/revisions"}],"predecessor-version":[{"id":5878,"href":"https:\/\/agora.xtec.cat\/escolalavilapalamos\/wp-json\/wp\/v2\/posts\/5874\/revisions\/5878"}],"wp:featuredmedia":[{"embeddable":true,"href":"https:\/\/agora.xtec.cat\/escolalavilapalamos\/wp-json\/wp\/v2\/media\/5875"}],"wp:attachment":[{"href":"https:\/\/agora.xtec.cat\/escolalavilapalamos\/wp-json\/wp\/v2\/media?parent=5874"}],"wp:term":[{"taxonomy":"category","embeddable":true,"href":"https:\/\/agora.xtec.cat\/escolalavilapalamos\/wp-json\/wp\/v2\/categories?post=5874"},{"taxonomy":"post_tag","embeddable":true,"href":"https:\/\/agora.xtec.cat\/escolalavilapalamos\/wp-json\/wp\/v2\/tags?post=5874"}],"curies":[{"name":"wp","href":"https:\/\/api.w.org\/{rel}","templated":true}]}}