{"id":5864,"date":"2019-05-09T09:20:34","date_gmt":"2019-05-09T07:20:34","guid":{"rendered":"http:\/\/agora.xtec.cat\/escolalavilapalamos\/?p=5864"},"modified":"2019-05-10T10:03:40","modified_gmt":"2019-05-10T08:03:40","slug":"vacunes-de-6e-2","status":"publish","type":"post","link":"https:\/\/agora.xtec.cat\/escolalavilapalamos\/general\/vacunes-de-6e-2\/","title":{"rendered":"Vacunes de 6\u00e8"},"content":{"rendered":"<p><strong><a href=\"https:\/\/agora.xtec.cat\/escolalavilapalamos\/wp-content\/uploads\/usu897\/2019\/05\/80557271-stock-vector-vaccination-child-cartoon-vector-illustration-nurse-giving-vaccination-injection-to-cute-little-boy-.jpg\"><img loading=\"lazy\" decoding=\"async\" class=\" wp-image-5866 alignright\" src=\"https:\/\/agora.xtec.cat\/escolalavilapalamos\/wp-content\/uploads\/usu897\/2019\/05\/80557271-stock-vector-vaccination-child-cartoon-vector-illustration-nurse-giving-vaccination-injection-to-cute-little-boy-.jpg\" alt=\"\" width=\"286\" height=\"286\" srcset=\"https:\/\/agora.xtec.cat\/escolalavilapalamos\/wp-content\/uploads\/usu897\/2019\/05\/80557271-stock-vector-vaccination-child-cartoon-vector-illustration-nurse-giving-vaccination-injection-to-cute-little-boy-.jpg 450w, https:\/\/agora.xtec.cat\/escolalavilapalamos\/wp-content\/uploads\/usu897\/2019\/05\/80557271-stock-vector-vaccination-child-cartoon-vector-illustration-nurse-giving-vaccination-injection-to-cute-little-boy--150x150.jpg 150w, https:\/\/agora.xtec.cat\/escolalavilapalamos\/wp-content\/uploads\/usu897\/2019\/05\/80557271-stock-vector-vaccination-child-cartoon-vector-illustration-nurse-giving-vaccination-injection-to-cute-little-boy--300x300.jpg 300w\" sizes=\"auto, (max-width: 286px) 100vw, 286px\" \/><\/a>El proper dimecres 15 de maig a les 9:30 h vindran a posar-nos la darrera dosi de vacunes<\/strong><strong>. \u00c9s imprescindible que aquest dia el vostre fill\/a porti el carnet de vacunacions. <\/strong><\/p>\n<p>El Departament de Salut administrar\u00e0 <strong>les vacunes als alumnes de 6\u00e8 de l&#8217;escola<\/strong> segons el calendari de vacunes vigent. Les vacunes que s\u2019administren a 6\u00e8 curs de prim\u00e0ria s\u00f3n les seg\u00fcents:<\/p>\n<p>&#8211; La vacuna contra el papil\u00b7lomavirus (VPH); s\u2019administra en dues dosis i \u00fanicament a les noies.<\/p>\n<p>&#8211; La vacuna contra l\u2019hepatitis A (VHA); s\u2019administra en dues dosis.<\/p>\n<p>&#8211; La vacuna contra la varicel\u00b7la (VVZ); s\u2019administra en dues dosis als nois o noies que no hagin passat la malaltia ni hagin rebut la vacuna. En cas que el vostre fill o filla estigui vacunat amb una dosi se li\u2019n administrar\u00e0 la segona.<\/p>\n<p>&#8211; La vacuna antimeninoc\u00f2ccia C conjugada (MCC); s\u2019administra una \u00fanica dosis.<\/p>\n<p>Per a m\u00e9s informaci\u00f3 podeu consultar el <a href=\"http:\/\/canalsalut.gencat.cat\/ca\/salut-a-z\/v\/vacunacions\/vacunacions\/\">Canal Salut del Departament de Salut<\/a> o trucar al tel\u00e8fon 061 del CatSalut Respon.<\/p>\n<p>Us agra\u00efm per endavant la vostra col\u00b7laboraci\u00f3. <a href=\"https:\/\/drive.google.com\/file\/d\/0B0P6-dzfPaO5a05ZcjhKa1hSZ3M\/view?usp=sharing\">Informaci\u00f3 del Departament de Salut<\/a><\/p>\n<p>&nbsp;<\/p>\n","protected":false},"excerpt":{"rendered":"<p><a href=\"https:\/\/agora.xtec.cat\/escolalavilapalamos\/wp-content\/uploads\/usu897\/2019\/05\/80557271-stock-vector-vaccination-child-cartoon-vector-illustration-nurse-giving-vaccination-injection-to-cute-little-boy-.jpg\"><\/a>El proper dimecres 15 de maig a les 9:30 h vindran a posar-nos la darrera dosi de vacunes. \u00c9s imprescindible que aquest dia el vostre fill\/a porti el carnet de vacunacions.<br \/>\nEl Departament de Salut administrar\u00e0 les vacunes als alumnes de 6\u00e8 de l&#8217;escola&hellip;  <a href=\"https:\/\/agora.xtec.cat\/escolalavilapalamos\/general\/vacunes-de-6e-2\/\" title=\"Read Vacunes de 6\u00e8\">Llegeix m\u00e9s\u00bb<\/a><\/p>\n","protected":false},"author":1,"featured_media":5866,"comment_status":"open","ping_status":"closed","sticky":false,"template":"","format":"standard","meta":{"_bbp_topic_count":0,"_bbp_reply_count":0,"_bbp_total_topic_count":0,"_bbp_total_reply_count":0,"_bbp_voice_count":0,"_bbp_anonymous_reply_count":0,"_bbp_topic_count_hidden":0,"_bbp_reply_count_hidden":0,"_bbp_forum_subforum_count":0,"footnotes":""},"categories":[128,1,4,5],"tags":[],"class_list":["post-5864","post","type-post","status-publish","format-standard","has-post-thumbnail","hentry","category-comunitat-de-grans","category-general","category-portada","category-primaria"],"post_mailing_queue_ids":[],"_links":{"self":[{"href":"https:\/\/agora.xtec.cat\/escolalavilapalamos\/wp-json\/wp\/v2\/posts\/5864","targetHints":{"allow":["GET"]}}],"collection":[{"href":"https:\/\/agora.xtec.cat\/escolalavilapalamos\/wp-json\/wp\/v2\/posts"}],"about":[{"href":"https:\/\/agora.xtec.cat\/escolalavilapalamos\/wp-json\/wp\/v2\/types\/post"}],"author":[{"embeddable":true,"href":"https:\/\/agora.xtec.cat\/escolalavilapalamos\/wp-json\/wp\/v2\/users\/1"}],"replies":[{"embeddable":true,"href":"https:\/\/agora.xtec.cat\/escolalavilapalamos\/wp-json\/wp\/v2\/comments?post=5864"}],"version-history":[{"count":3,"href":"https:\/\/agora.xtec.cat\/escolalavilapalamos\/wp-json\/wp\/v2\/posts\/5864\/revisions"}],"predecessor-version":[{"id":5868,"href":"https:\/\/agora.xtec.cat\/escolalavilapalamos\/wp-json\/wp\/v2\/posts\/5864\/revisions\/5868"}],"wp:featuredmedia":[{"embeddable":true,"href":"https:\/\/agora.xtec.cat\/escolalavilapalamos\/wp-json\/wp\/v2\/media\/5866"}],"wp:attachment":[{"href":"https:\/\/agora.xtec.cat\/escolalavilapalamos\/wp-json\/wp\/v2\/media?parent=5864"}],"wp:term":[{"taxonomy":"category","embeddable":true,"href":"https:\/\/agora.xtec.cat\/escolalavilapalamos\/wp-json\/wp\/v2\/categories?post=5864"},{"taxonomy":"post_tag","embeddable":true,"href":"https:\/\/agora.xtec.cat\/escolalavilapalamos\/wp-json\/wp\/v2\/tags?post=5864"}],"curies":[{"name":"wp","href":"https:\/\/api.w.org\/{rel}","templated":true}]}}