{"id":5853,"date":"2019-05-16T08:00:53","date_gmt":"2019-05-16T06:00:53","guid":{"rendered":"http:\/\/agora.xtec.cat\/escolalavilapalamos\/?p=5853"},"modified":"2019-05-16T13:18:10","modified_gmt":"2019-05-16T11:18:10","slug":"actualitzaciodades","status":"publish","type":"post","link":"https:\/\/agora.xtec.cat\/escolalavilapalamos\/general\/actualitzaciodades\/","title":{"rendered":"Actualitzaci\u00f3 de dades, confirmaci\u00f3 de pla\u00e7a i pagament de quotes del curs 2019-20"},"content":{"rendered":"<p><a href=\"http:\/\/agora.xtec.cat\/escolalavilapalamos\/wp-content\/uploads\/usu897\/2017\/05\/caricaturas-de-ni\u00f1os-estudiando-animadas-400x348.jpg\"><img loading=\"lazy\" decoding=\"async\" class=\" wp-image-1397 alignright\" src=\"http:\/\/agora.xtec.cat\/escolalavilapalamos\/wp-content\/uploads\/usu897\/2017\/05\/caricaturas-de-ni\u00f1os-estudiando-animadas-400x348.jpg\" alt=\"caricaturas-de-ni\u00f1os-estudiando-animadas-400x348\" width=\"274\" height=\"238\" srcset=\"https:\/\/agora.xtec.cat\/escolalavilapalamos\/wp-content\/uploads\/usu897\/2017\/05\/caricaturas-de-ni\u00f1os-estudiando-animadas-400x348.jpg 400w, https:\/\/agora.xtec.cat\/escolalavilapalamos\/wp-content\/uploads\/usu897\/2017\/05\/caricaturas-de-ni\u00f1os-estudiando-animadas-400x348-300x261.jpg 300w\" sizes=\"auto, (max-width: 274px) 100vw, 274px\" \/><\/a>Aquesta setmana els vostres fills\/es porten a casa <strong>el full d&#8217;actualitzaci\u00f3 de dades i de confirmaci\u00f3 de pla\u00e7a a la nostra escola pel curs 2019-20 ( <a href=\"https:\/\/drive.google.com\/file\/d\/1YHZYs4IrdlA-rtYxkQ7Mf45k6tuxbc64\/view?usp=sharing\">mireu el model<\/a> )<\/strong>. Aquest full s&#8217;ha de retornar a l&#8217;escola <strong>abans del divendres 31 de maig <\/strong>. Cal que reviseu les dades personals, en especial els n\u00fameros de tel\u00e8fon\u00a0 i que especifiqueu a qui pertany cada n\u00famero. Assegureu-vos que el full el retorneu signat pel pare, mare o tutor\/a legal. Si afegiu DNI o NIE cal que adjunteu una c\u00f2pia del document.<\/p>\n<p>Tamb\u00e9 cal que ompliu i retorneu <a href=\"https:\/\/drive.google.com\/file\/d\/0B0P6-dzfPaO5dWhIcHBJOW12N2s\/view?usp=sharing\"><strong>el full d&#8217;autoritzaci\u00f3 dels drets d&#8217;imatge<\/strong><\/a> del proper curs,\u00a0 el <a href=\"https:\/\/drive.google.com\/file\/d\/1poLa4NEI-pHvLGMmXbnCyBueTaQsAvi8\/view?usp=sharing\"><strong>full d&#8217;actualitzaci\u00f3 de dades de salut <\/strong><\/a>i us\u00a0adjuntem<strong><a href=\"https:\/\/drive.google.com\/file\/d\/1VLFN2sZJZ28Vis2UEubki2TzUWdobp3B\/view?usp=sharing\"> El full de pagament de la quota del curs 2019-20<\/a>. Per\u00edode de pagament del 16 de maig al 14 de juny de 2019. <\/strong><\/p>\n<p>Per qualsevol dubte o m\u00e9s informaci\u00f3 podeu passar per la secretaria de l&#8217;escola o b\u00e9 trucar-nos.<\/p>\n<p>Us podeu descarregar la circular <a href=\"https:\/\/drive.google.com\/file\/d\/1BEYCgkBmCqC-u-4mC89n3uPSTArkuWnH\/view?usp=sharing\">aqu\u00ed<\/a><\/p>\n","protected":false},"excerpt":{"rendered":"<p><a href=\"http:\/\/agora.xtec.cat\/escolalavilapalamos\/wp-content\/uploads\/usu897\/2017\/05\/caricaturas-de-ni\u00f1os-estudiando-animadas-400x348.jpg\"><\/a>Aquesta setmana els vostres fills\/es porten a casa el full d&#8217;actualitzaci\u00f3 de dades i de confirmaci\u00f3 de pla\u00e7a a la nostra escola pel curs 2019-20 ( <a href=\"https:\/\/drive.google.com\/file\/d\/1YHZYs4IrdlA-rtYxkQ7Mf45k6tuxbc64\/view?usp=sharing\">mireu el model<\/a> ). Aquest full s&#8217;ha de retornar a l&#8217;escola abans del divendres 31 de maig&hellip;  <a href=\"https:\/\/agora.xtec.cat\/escolalavilapalamos\/general\/actualitzaciodades\/\" title=\"Read Actualitzaci\u00f3 de dades, confirmaci\u00f3 de pla\u00e7a i pagament de quotes del curs 2019-20\">Llegeix m\u00e9s\u00bb<\/a><\/p>\n","protected":false},"author":1,"featured_media":1397,"comment_status":"open","ping_status":"closed","sticky":false,"template":"","format":"standard","meta":{"_bbp_topic_count":0,"_bbp_reply_count":0,"_bbp_total_topic_count":0,"_bbp_total_reply_count":0,"_bbp_voice_count":0,"_bbp_anonymous_reply_count":0,"_bbp_topic_count_hidden":0,"_bbp_reply_count_hidden":0,"_bbp_forum_subforum_count":0,"footnotes":""},"categories":[128,127,2,1,4,5],"tags":[],"class_list":["post-5853","post","type-post","status-publish","format-standard","has-post-thumbnail","hentry","category-comunitat-de-grans","category-comunitat-de-mitjans","category-infantil","category-general","category-portada","category-primaria"],"post_mailing_queue_ids":[],"_links":{"self":[{"href":"https:\/\/agora.xtec.cat\/escolalavilapalamos\/wp-json\/wp\/v2\/posts\/5853","targetHints":{"allow":["GET"]}}],"collection":[{"href":"https:\/\/agora.xtec.cat\/escolalavilapalamos\/wp-json\/wp\/v2\/posts"}],"about":[{"href":"https:\/\/agora.xtec.cat\/escolalavilapalamos\/wp-json\/wp\/v2\/types\/post"}],"author":[{"embeddable":true,"href":"https:\/\/agora.xtec.cat\/escolalavilapalamos\/wp-json\/wp\/v2\/users\/1"}],"replies":[{"embeddable":true,"href":"https:\/\/agora.xtec.cat\/escolalavilapalamos\/wp-json\/wp\/v2\/comments?post=5853"}],"version-history":[{"count":4,"href":"https:\/\/agora.xtec.cat\/escolalavilapalamos\/wp-json\/wp\/v2\/posts\/5853\/revisions"}],"predecessor-version":[{"id":5900,"href":"https:\/\/agora.xtec.cat\/escolalavilapalamos\/wp-json\/wp\/v2\/posts\/5853\/revisions\/5900"}],"wp:featuredmedia":[{"embeddable":true,"href":"https:\/\/agora.xtec.cat\/escolalavilapalamos\/wp-json\/wp\/v2\/media\/1397"}],"wp:attachment":[{"href":"https:\/\/agora.xtec.cat\/escolalavilapalamos\/wp-json\/wp\/v2\/media?parent=5853"}],"wp:term":[{"taxonomy":"category","embeddable":true,"href":"https:\/\/agora.xtec.cat\/escolalavilapalamos\/wp-json\/wp\/v2\/categories?post=5853"},{"taxonomy":"post_tag","embeddable":true,"href":"https:\/\/agora.xtec.cat\/escolalavilapalamos\/wp-json\/wp\/v2\/tags?post=5853"}],"curies":[{"name":"wp","href":"https:\/\/api.w.org\/{rel}","templated":true}]}}