{"id":5849,"date":"2019-05-08T09:17:01","date_gmt":"2019-05-08T07:17:01","guid":{"rendered":"http:\/\/agora.xtec.cat\/escolalavilapalamos\/?p=5849"},"modified":"2019-05-08T09:21:50","modified_gmt":"2019-05-08T07:21:50","slug":"recollida-de-roba-i-sabates-2","status":"publish","type":"post","link":"https:\/\/agora.xtec.cat\/escolalavilapalamos\/general\/recollida-de-roba-i-sabates-2\/","title":{"rendered":"Recollida de roba i sabates"},"content":{"rendered":"<p><img loading=\"lazy\" decoding=\"async\" class=\"alignleft\" src=\"http:\/\/negociosynetworking.net\/wp-content\/uploads\/2016\/05\/Global-humanitaria.jpg\" width=\"184\" height=\"253\" \/><\/p>\n<p>A l&#8217;escola\u00a0<strong>recollim roba i sabate<\/strong>s\u00a0per ajuda humanit\u00e0ria.<\/p>\n<p>La Fundaci\u00f3 de l&#8217;Assist\u00e8ncia a l&#8217;Educaci\u00f3 GLORR i l&#8217; ONG Global Humanit\u00e0ria ens han portat bosses per recollir roba i sabates.<\/p>\n<p>La recollida es fa del 8 al 29 de maig. Cal deixar les bosses sota l&#8217;escala de prim\u00e0ria o infantil.<\/p>\n<p>M\u00e9s informaci\u00f3:\u00a0<a href=\"http:\/\/glorr.com\/web\/\">Fundaci\u00f3 GLORR<\/a>\u00a0i\u00a0<a href=\"http:\/\/www.globalhumanitaria.org\/\">ONG Global Humanit\u00e0ria<\/a><\/p>\n<p>Us podeu descarregar<a href=\"https:\/\/drive.google.com\/file\/d\/16iJQ9H4dqkYBQLfImQdD5aN-l5NptnWe\/view?usp=sharing\">\u00a0<\/a><a href=\"https:\/\/drive.google.com\/file\/d\/16iJQ9H4dqkYBQLfImQdD5aN-l5NptnWe\/view?usp=sharing\">la circular informativa<\/a><br \/>\nGr\u00e0cies per la vostra col\u00b7laboraci\u00f3<\/p>\n","protected":false},"excerpt":{"rendered":"<p>A l&#8217;escola\u00a0recollim roba i sabates\u00a0per ajuda humanit\u00e0ria.<br \/>\nLa Fundaci\u00f3 de l&#8217;Assist\u00e8ncia a l&#8217;Educaci\u00f3 GLORR i l&#8217; ONG Global Humanit\u00e0ria ens han portat bosses per recollir roba i sabates.<br \/>\nLa recollida es fa del 8 al 29 de maig. Cal deixar les bosses sota l&#8217;escala de prim\u00e0ria o&hellip;  <a href=\"https:\/\/agora.xtec.cat\/escolalavilapalamos\/general\/recollida-de-roba-i-sabates-2\/\" title=\"Read Recollida de roba i sabates\">Llegeix m\u00e9s\u00bb<\/a><\/p>\n","protected":false},"author":1,"featured_media":1209,"comment_status":"open","ping_status":"closed","sticky":false,"template":"","format":"standard","meta":{"_bbp_topic_count":0,"_bbp_reply_count":0,"_bbp_total_topic_count":0,"_bbp_total_reply_count":0,"_bbp_voice_count":0,"_bbp_anonymous_reply_count":0,"_bbp_topic_count_hidden":0,"_bbp_reply_count_hidden":0,"_bbp_forum_subforum_count":0,"footnotes":""},"categories":[2,1,4,5],"tags":[],"class_list":["post-5849","post","type-post","status-publish","format-standard","has-post-thumbnail","hentry","category-infantil","category-general","category-portada","category-primaria"],"post_mailing_queue_ids":[],"_links":{"self":[{"href":"https:\/\/agora.xtec.cat\/escolalavilapalamos\/wp-json\/wp\/v2\/posts\/5849","targetHints":{"allow":["GET"]}}],"collection":[{"href":"https:\/\/agora.xtec.cat\/escolalavilapalamos\/wp-json\/wp\/v2\/posts"}],"about":[{"href":"https:\/\/agora.xtec.cat\/escolalavilapalamos\/wp-json\/wp\/v2\/types\/post"}],"author":[{"embeddable":true,"href":"https:\/\/agora.xtec.cat\/escolalavilapalamos\/wp-json\/wp\/v2\/users\/1"}],"replies":[{"embeddable":true,"href":"https:\/\/agora.xtec.cat\/escolalavilapalamos\/wp-json\/wp\/v2\/comments?post=5849"}],"version-history":[{"count":3,"href":"https:\/\/agora.xtec.cat\/escolalavilapalamos\/wp-json\/wp\/v2\/posts\/5849\/revisions"}],"predecessor-version":[{"id":5852,"href":"https:\/\/agora.xtec.cat\/escolalavilapalamos\/wp-json\/wp\/v2\/posts\/5849\/revisions\/5852"}],"wp:featuredmedia":[{"embeddable":true,"href":"https:\/\/agora.xtec.cat\/escolalavilapalamos\/wp-json\/wp\/v2\/media\/1209"}],"wp:attachment":[{"href":"https:\/\/agora.xtec.cat\/escolalavilapalamos\/wp-json\/wp\/v2\/media?parent=5849"}],"wp:term":[{"taxonomy":"category","embeddable":true,"href":"https:\/\/agora.xtec.cat\/escolalavilapalamos\/wp-json\/wp\/v2\/categories?post=5849"},{"taxonomy":"post_tag","embeddable":true,"href":"https:\/\/agora.xtec.cat\/escolalavilapalamos\/wp-json\/wp\/v2\/tags?post=5849"}],"curies":[{"name":"wp","href":"https:\/\/api.w.org\/{rel}","templated":true}]}}