{"id":5841,"date":"2019-05-07T15:32:45","date_gmt":"2019-05-07T13:32:45","guid":{"rendered":"http:\/\/agora.xtec.cat\/escolalavilapalamos\/?p=5841"},"modified":"2019-05-08T09:20:40","modified_gmt":"2019-05-08T07:20:40","slug":"palamos-terra-de-mar-11-i-12-de-maig","status":"publish","type":"post","link":"https:\/\/agora.xtec.cat\/escolalavilapalamos\/general\/palamos-terra-de-mar-11-i-12-de-maig\/","title":{"rendered":"Palam\u00f3s, terra de mar 11 i 12 de maig"},"content":{"rendered":"<p><a href=\"http:\/\/agora.xtec.cat\/escolalavilapalamos\/wp-content\/uploads\/usu897\/2017\/05\/terrademar.jpg\"><img loading=\"lazy\" decoding=\"async\" class=\"wp-image-1415 alignleft\" src=\"http:\/\/agora.xtec.cat\/escolalavilapalamos\/wp-content\/uploads\/usu897\/2017\/05\/terrademar.jpg\" alt=\"terrademar\" width=\"287\" height=\"292\" srcset=\"https:\/\/agora.xtec.cat\/escolalavilapalamos\/wp-content\/uploads\/usu897\/2017\/05\/terrademar.jpg 500w, https:\/\/agora.xtec.cat\/escolalavilapalamos\/wp-content\/uploads\/usu897\/2017\/05\/terrademar-294x300.jpg 294w\" sizes=\"auto, (max-width: 287px) 100vw, 287px\" \/><\/a><\/p>\n<p>Tretzena edici\u00f3 del <strong>Festival Mariner Palam\u00f3s Terra de Mar<\/strong>.Tot \u00e9s a punt per a la nova edici\u00f3 del festival mariner de la Costa Brava, Palam\u00f3s Terra de Mar, que tindr\u00e0 lloc aquest proper cap de setmana, 11 i 12 de maig, al port de Palam\u00f3s.\u00a0El festival mariner, rememorar\u00e0 la hist\u00f2ria i ens mostrar\u00e0 l&#8217;actualitat del cabotatge al port de Palam\u00f3s.<\/p>\n<p>A m\u00e9s a m\u00e9s, al Palam\u00f3s Terra de Mar podreu participar en un gran nombre d\u2019 activitats marineres destinades a tot tipus de p\u00fablic i que trobareu en aquest programa.<\/p>\n<p>M\u00e9s informaci\u00f3 a la web de l&#8217; <a href=\"http:\/\/www.palamos.cat\/\">Ajuntament de Palam\u00f3s<\/a>.<\/p>\n<p>Veniu i gaudiu-ne, us hi esperem!!<\/p>\n<p><a href=\"http:\/\/palamosterrademar.cat\/\">Programa d&#8217;activitats <\/a><\/p>\n","protected":false},"excerpt":{"rendered":"<p><a href=\"http:\/\/agora.xtec.cat\/escolalavilapalamos\/wp-content\/uploads\/usu897\/2017\/05\/terrademar.jpg\"><\/a><br \/>\nTretzena edici\u00f3 del Festival Mariner Palam\u00f3s Terra de Mar.Tot \u00e9s a punt per a la nova edici\u00f3 del festival mariner de la Costa Brava, Palam\u00f3s Terra de Mar, que tindr\u00e0 lloc aquest proper cap de setmana, 11 i 12 de maig, al port de&hellip;  <a href=\"https:\/\/agora.xtec.cat\/escolalavilapalamos\/general\/palamos-terra-de-mar-11-i-12-de-maig\/\" title=\"Read Palam\u00f3s, terra de mar 11 i 12 de maig\">Llegeix m\u00e9s\u00bb<\/a><\/p>\n","protected":false},"author":1,"featured_media":1415,"comment_status":"open","ping_status":"closed","sticky":false,"template":"","format":"standard","meta":{"_bbp_topic_count":0,"_bbp_reply_count":0,"_bbp_total_topic_count":0,"_bbp_total_reply_count":0,"_bbp_voice_count":0,"_bbp_anonymous_reply_count":0,"_bbp_topic_count_hidden":0,"_bbp_reply_count_hidden":0,"_bbp_forum_subforum_count":0,"footnotes":""},"categories":[1,4,5],"tags":[],"class_list":["post-5841","post","type-post","status-publish","format-standard","has-post-thumbnail","hentry","category-general","category-portada","category-primaria"],"post_mailing_queue_ids":[],"_links":{"self":[{"href":"https:\/\/agora.xtec.cat\/escolalavilapalamos\/wp-json\/wp\/v2\/posts\/5841","targetHints":{"allow":["GET"]}}],"collection":[{"href":"https:\/\/agora.xtec.cat\/escolalavilapalamos\/wp-json\/wp\/v2\/posts"}],"about":[{"href":"https:\/\/agora.xtec.cat\/escolalavilapalamos\/wp-json\/wp\/v2\/types\/post"}],"author":[{"embeddable":true,"href":"https:\/\/agora.xtec.cat\/escolalavilapalamos\/wp-json\/wp\/v2\/users\/1"}],"replies":[{"embeddable":true,"href":"https:\/\/agora.xtec.cat\/escolalavilapalamos\/wp-json\/wp\/v2\/comments?post=5841"}],"version-history":[{"count":3,"href":"https:\/\/agora.xtec.cat\/escolalavilapalamos\/wp-json\/wp\/v2\/posts\/5841\/revisions"}],"predecessor-version":[{"id":5844,"href":"https:\/\/agora.xtec.cat\/escolalavilapalamos\/wp-json\/wp\/v2\/posts\/5841\/revisions\/5844"}],"wp:featuredmedia":[{"embeddable":true,"href":"https:\/\/agora.xtec.cat\/escolalavilapalamos\/wp-json\/wp\/v2\/media\/1415"}],"wp:attachment":[{"href":"https:\/\/agora.xtec.cat\/escolalavilapalamos\/wp-json\/wp\/v2\/media?parent=5841"}],"wp:term":[{"taxonomy":"category","embeddable":true,"href":"https:\/\/agora.xtec.cat\/escolalavilapalamos\/wp-json\/wp\/v2\/categories?post=5841"},{"taxonomy":"post_tag","embeddable":true,"href":"https:\/\/agora.xtec.cat\/escolalavilapalamos\/wp-json\/wp\/v2\/tags?post=5841"}],"curies":[{"name":"wp","href":"https:\/\/api.w.org\/{rel}","templated":true}]}}