{"id":5791,"date":"2019-05-06T11:16:28","date_gmt":"2019-05-06T09:16:28","guid":{"rendered":"http:\/\/agora.xtec.cat\/escolalavilapalamos\/?p=5791"},"modified":"2019-05-06T13:17:00","modified_gmt":"2019-05-06T11:17:00","slug":"avaluacio-del-2n-trimestre-del-curs-18-19","status":"publish","type":"post","link":"https:\/\/agora.xtec.cat\/escolalavilapalamos\/general\/avaluacio-del-2n-trimestre-del-curs-18-19\/","title":{"rendered":"Avaluaci\u00f3 del 2n trimestre del curs 18-19"},"content":{"rendered":"<p><a href=\"http:\/\/agora.xtec.cat\/escolalavilapalamos\/wp-content\/uploads\/usu897\/2016\/12\/12_09_2011_09_30_42_Jornada.jpg\"><img loading=\"lazy\" decoding=\"async\" class=\" wp-image-457 alignright\" src=\"http:\/\/agora.xtec.cat\/escolalavilapalamos\/wp-content\/uploads\/usu897\/2016\/12\/12_09_2011_09_30_42_Jornada.jpg\" alt=\"12_09_2011_09_30_42_jornada\" width=\"216\" height=\"231\" srcset=\"https:\/\/agora.xtec.cat\/escolalavilapalamos\/wp-content\/uploads\/usu897\/2016\/12\/12_09_2011_09_30_42_Jornada.jpg 290w, https:\/\/agora.xtec.cat\/escolalavilapalamos\/wp-content\/uploads\/usu897\/2016\/12\/12_09_2011_09_30_42_Jornada-281x300.jpg 281w\" sizes=\"auto, (max-width: 216px) 100vw, 216px\" \/><\/a><\/p>\n<p>Aquest mes de maig hi ha\u00a0 l&#8217;entrega dels informes i entrevistes amb les fam\u00edlies del segon trimestre.<\/p>\n<p>Del 13\u00a0 al 24 de maig els\/les mestres tutors\/es entregaran <strong>l&#8217; informe del 2n trimestre de tots\/es els\/les alumnes d&#8217; Infantil i Prim\u00e0ria<\/strong>.<br \/>\nL&#8217;entrega es a fa a partir d&#8217; una entrevista personal amb les fam\u00edlies. A partir de dilluns 6 de maig els\/les mestres acordaran amb pares i mares el dia i hora d&#8217;entrega de les notes a trav\u00e9s de l&#8217; agenda o apuntant el nom del nen\/a en el quadre de cada classe habilitat a l&#8217;entrada.<\/p>\n<p>M\u00e9s informaci\u00f3 sobre l&#8217;avaluaci\u00f3 a la <a href=\"http:\/\/familiaiescola.gencat.cat\/ca\/escolaritat\/etapes-educatives\/educacio-primaria\/\">web del Departament d&#8217;Ensenyament<\/a><\/p>\n","protected":false},"excerpt":{"rendered":"<p><a href=\"http:\/\/agora.xtec.cat\/escolalavilapalamos\/wp-content\/uploads\/usu897\/2016\/12\/12_09_2011_09_30_42_Jornada.jpg\"><\/a><br \/>\nAquest mes de maig hi ha\u00a0 l&#8217;entrega dels informes i entrevistes amb les fam\u00edlies del segon trimestre.<br \/>\nDel 13\u00a0 al 24 de maig els\/les mestres tutors\/es entregaran l&#8217; informe del 2n trimestre de tots\/es els\/les alumnes d&#8217; Infantil i Prim\u00e0ria.<br \/>\nL&#8217;entrega es a fa a partir&hellip;  <a href=\"https:\/\/agora.xtec.cat\/escolalavilapalamos\/general\/avaluacio-del-2n-trimestre-del-curs-18-19\/\" title=\"Read Avaluaci\u00f3 del 2n trimestre del curs 18-19\">Llegeix m\u00e9s\u00bb<\/a><\/p>\n","protected":false},"author":1,"featured_media":457,"comment_status":"open","ping_status":"closed","sticky":false,"template":"","format":"standard","meta":{"_bbp_topic_count":0,"_bbp_reply_count":0,"_bbp_total_topic_count":0,"_bbp_total_reply_count":0,"_bbp_voice_count":0,"_bbp_anonymous_reply_count":0,"_bbp_topic_count_hidden":0,"_bbp_reply_count_hidden":0,"_bbp_forum_subforum_count":0,"footnotes":""},"categories":[128,127,2,1,4],"tags":[],"class_list":["post-5791","post","type-post","status-publish","format-standard","has-post-thumbnail","hentry","category-comunitat-de-grans","category-comunitat-de-mitjans","category-infantil","category-general","category-portada"],"post_mailing_queue_ids":[],"_links":{"self":[{"href":"https:\/\/agora.xtec.cat\/escolalavilapalamos\/wp-json\/wp\/v2\/posts\/5791","targetHints":{"allow":["GET"]}}],"collection":[{"href":"https:\/\/agora.xtec.cat\/escolalavilapalamos\/wp-json\/wp\/v2\/posts"}],"about":[{"href":"https:\/\/agora.xtec.cat\/escolalavilapalamos\/wp-json\/wp\/v2\/types\/post"}],"author":[{"embeddable":true,"href":"https:\/\/agora.xtec.cat\/escolalavilapalamos\/wp-json\/wp\/v2\/users\/1"}],"replies":[{"embeddable":true,"href":"https:\/\/agora.xtec.cat\/escolalavilapalamos\/wp-json\/wp\/v2\/comments?post=5791"}],"version-history":[{"count":1,"href":"https:\/\/agora.xtec.cat\/escolalavilapalamos\/wp-json\/wp\/v2\/posts\/5791\/revisions"}],"predecessor-version":[{"id":5792,"href":"https:\/\/agora.xtec.cat\/escolalavilapalamos\/wp-json\/wp\/v2\/posts\/5791\/revisions\/5792"}],"wp:featuredmedia":[{"embeddable":true,"href":"https:\/\/agora.xtec.cat\/escolalavilapalamos\/wp-json\/wp\/v2\/media\/457"}],"wp:attachment":[{"href":"https:\/\/agora.xtec.cat\/escolalavilapalamos\/wp-json\/wp\/v2\/media?parent=5791"}],"wp:term":[{"taxonomy":"category","embeddable":true,"href":"https:\/\/agora.xtec.cat\/escolalavilapalamos\/wp-json\/wp\/v2\/categories?post=5791"},{"taxonomy":"post_tag","embeddable":true,"href":"https:\/\/agora.xtec.cat\/escolalavilapalamos\/wp-json\/wp\/v2\/tags?post=5791"}],"curies":[{"name":"wp","href":"https:\/\/api.w.org\/{rel}","templated":true}]}}