{"id":5788,"date":"2019-05-06T11:49:17","date_gmt":"2019-05-06T09:49:17","guid":{"rendered":"http:\/\/agora.xtec.cat\/escolalavilapalamos\/?p=5788"},"modified":"2019-05-07T15:33:07","modified_gmt":"2019-05-07T13:33:07","slug":"beques-de-menjador-pel-curs-2019-20","status":"publish","type":"post","link":"https:\/\/agora.xtec.cat\/escolalavilapalamos\/general\/beques-de-menjador-pel-curs-2019-20\/","title":{"rendered":"Beques de menjador pel curs 2019-20"},"content":{"rendered":"<p>S\u2019obre el per\u00edode per <strong>sol\u00b7licitar ajut econ\u00f2mic individual pel menjador escolar del curs 2019-20.<\/strong> Trobareu les sol\u00b7licituds, les bases i informaci\u00f3 de la convocat\u00f2ria a la secretaria de l&#8217;escola.Tamb\u00e9 podeu consultar les bases a: <a href=\"https:\/\/baixemporda.cat\/ca\/documentacio.html\">https:\/\/baixemporda.cat\/ca\/documentacio.html<\/a><\/p>\n<p><img loading=\"lazy\" decoding=\"async\" class=\"alignleft\" src=\"http:\/\/dreamicus.com\/data\/apple\/apple-06.jpg\" width=\"223\" height=\"254\" \/>Per sol\u00b7licitar l\u2019ajut econ\u00f2mic cal que repasseu la renda anual de la unitat familiar de l\u2019any 2018. Per saber els requisits us podeu descarregar <a href=\"https:\/\/drive.google.com\/file\/d\/1x7ERk_54vTuKzfa0p09q1eC3k6f2afTD\/view?usp=sharing\">la circular<\/a> . M\u00e9s informaci\u00f3 de les beques de menjador<a href=\"https:\/\/drive.google.com\/file\/d\/1QYTi2YktrLSfn4gWUKfRHXS7GYIWnqJi\/view?usp=sharing\"> aqu\u00ed<\/a>.<\/p>\n<p>Les sol\u00b7licituds es presenten a la secretaria de l&#8217;escola, al Consell Comarcal del Baix Empord\u00e0 o a trav\u00e9s de la seu electr\u00f2nica del consell comarcal del Baix Empord\u00e0.<\/p>\n<p><strong>El per\u00edode per presentar la sol\u00b7licitud \u00e9s del dijous 9 de maig al dilluns 27 de maig de 2019 (ambd\u00f3s inclosos). <\/strong><em>Per a l\u2019alumnat que hagi de comen\u00e7ar P3 i de nova matr\u00edcula, es podr\u00e0 sol\u00b7licitar l\u2019ajut dins d\u2019aquest termini, o b\u00e9 durant el per\u00edode de matriculaci\u00f3.<\/em><\/p>\n<p>Les sol\u00b7licitants que acreditin situacions de risc social, hauran de tramitar la seva sol\u00b7licitud a trav\u00e9s dels serveis socials de Palam\u00f3s. Acci\u00f3 Social i Ciutadania C\/ Mn. Cinto Verdaguer 12 Palam\u00f3s. Horari d&#8217;atenci\u00f3 al p\u00fablic: de dilluns a divendres de 10 a 14 h <a href=\"mailto:serveissocials@palamos.cat\">serveissocials@palamos.cat<\/a><\/p>\n","protected":false},"excerpt":{"rendered":"<p>S\u2019obre el per\u00edode per sol\u00b7licitar ajut econ\u00f2mic individual pel menjador escolar del curs 2019-20. Trobareu les sol\u00b7licituds, les bases i informaci\u00f3 de la convocat\u00f2ria a la secretaria de l&#8217;escola.Tamb\u00e9 podeu consultar les bases a: <a href=\"https:\/\/baixemporda.cat\/ca\/documentacio.html\">https:\/\/baixemporda.cat\/ca\/documentacio.html<\/a><br \/>\nPer sol\u00b7licitar l\u2019ajut econ\u00f2mic cal que repasseu la renda anual&hellip;  <a href=\"https:\/\/agora.xtec.cat\/escolalavilapalamos\/general\/beques-de-menjador-pel-curs-2019-20\/\" title=\"Read Beques de menjador pel curs 2019-20\">Llegeix m\u00e9s\u00bb<\/a><\/p>\n","protected":false},"author":1,"featured_media":1413,"comment_status":"open","ping_status":"closed","sticky":false,"template":"","format":"standard","meta":{"_bbp_topic_count":0,"_bbp_reply_count":0,"_bbp_total_topic_count":0,"_bbp_total_reply_count":0,"_bbp_voice_count":0,"_bbp_anonymous_reply_count":0,"_bbp_topic_count_hidden":0,"_bbp_reply_count_hidden":0,"_bbp_forum_subforum_count":0,"footnotes":""},"categories":[2,1,4,5],"tags":[],"class_list":["post-5788","post","type-post","status-publish","format-standard","has-post-thumbnail","hentry","category-infantil","category-general","category-portada","category-primaria"],"post_mailing_queue_ids":[],"_links":{"self":[{"href":"https:\/\/agora.xtec.cat\/escolalavilapalamos\/wp-json\/wp\/v2\/posts\/5788","targetHints":{"allow":["GET"]}}],"collection":[{"href":"https:\/\/agora.xtec.cat\/escolalavilapalamos\/wp-json\/wp\/v2\/posts"}],"about":[{"href":"https:\/\/agora.xtec.cat\/escolalavilapalamos\/wp-json\/wp\/v2\/types\/post"}],"author":[{"embeddable":true,"href":"https:\/\/agora.xtec.cat\/escolalavilapalamos\/wp-json\/wp\/v2\/users\/1"}],"replies":[{"embeddable":true,"href":"https:\/\/agora.xtec.cat\/escolalavilapalamos\/wp-json\/wp\/v2\/comments?post=5788"}],"version-history":[{"count":2,"href":"https:\/\/agora.xtec.cat\/escolalavilapalamos\/wp-json\/wp\/v2\/posts\/5788\/revisions"}],"predecessor-version":[{"id":5790,"href":"https:\/\/agora.xtec.cat\/escolalavilapalamos\/wp-json\/wp\/v2\/posts\/5788\/revisions\/5790"}],"wp:featuredmedia":[{"embeddable":true,"href":"https:\/\/agora.xtec.cat\/escolalavilapalamos\/wp-json\/wp\/v2\/media\/1413"}],"wp:attachment":[{"href":"https:\/\/agora.xtec.cat\/escolalavilapalamos\/wp-json\/wp\/v2\/media?parent=5788"}],"wp:term":[{"taxonomy":"category","embeddable":true,"href":"https:\/\/agora.xtec.cat\/escolalavilapalamos\/wp-json\/wp\/v2\/categories?post=5788"},{"taxonomy":"post_tag","embeddable":true,"href":"https:\/\/agora.xtec.cat\/escolalavilapalamos\/wp-json\/wp\/v2\/tags?post=5788"}],"curies":[{"name":"wp","href":"https:\/\/api.w.org\/{rel}","templated":true}]}}