{"id":5763,"date":"2019-05-02T09:49:25","date_gmt":"2019-05-02T07:49:25","guid":{"rendered":"http:\/\/agora.xtec.cat\/escolalavilapalamos\/?p=5763"},"modified":"2019-05-02T10:24:00","modified_gmt":"2019-05-02T08:24:00","slug":"sant-joan-florit-i-premis-el-caliu-2019","status":"publish","type":"post","link":"https:\/\/agora.xtec.cat\/escolalavilapalamos\/general\/sant-joan-florit-i-premis-el-caliu-2019\/","title":{"rendered":"Sant Joan Florit i Premis El Caliu 2019"},"content":{"rendered":"<p><strong>Diumenge 5 de maig<\/strong> es celebra a Sant Joan de Palam\u00f3s la diada <em>Sant Joan florit. <\/em>Carrers engalanats, espectacles i fira d&#8217;artesania<a href=\"https:\/\/agora.xtec.cat\/escolalavilapalamos\/wp-content\/uploads\/usu897\/2019\/05\/Poster-Sant-Joan-Florit-2019.jpg\"><img loading=\"lazy\" decoding=\"async\" class=\"wp-image-5764 alignright\" src=\"https:\/\/agora.xtec.cat\/escolalavilapalamos\/wp-content\/uploads\/usu897\/2019\/05\/Poster-Sant-Joan-Florit-2019-810x1024.jpg\" alt=\"\" width=\"389\" height=\"491\" srcset=\"https:\/\/agora.xtec.cat\/escolalavilapalamos\/wp-content\/uploads\/usu897\/2019\/05\/Poster-Sant-Joan-Florit-2019-810x1024.jpg 810w, https:\/\/agora.xtec.cat\/escolalavilapalamos\/wp-content\/uploads\/usu897\/2019\/05\/Poster-Sant-Joan-Florit-2019-237x300.jpg 237w, https:\/\/agora.xtec.cat\/escolalavilapalamos\/wp-content\/uploads\/usu897\/2019\/05\/Poster-Sant-Joan-Florit-2019-768x971.jpg 768w, https:\/\/agora.xtec.cat\/escolalavilapalamos\/wp-content\/uploads\/usu897\/2019\/05\/Poster-Sant-Joan-Florit-2019.jpg 1462w\" sizes=\"auto, (max-width: 389px) 100vw, 389px\" \/><\/a><\/p>\n<p>De les 10.00h a les 20.00h, feu una passejada pel barri de Sant Joan, llu\u00eft amb catifes i ornaments de flors dels ve\u00efns que omplen patis, carrers i racons del barri vell de Sant Joan. Hi haur\u00e0 actuacions en directe, al llarg de tot el dia: &#8220;coros&#8221;, gospel, dansa, parades d&#8217;artesania en el centre hist\u00f2ric i de les 11.00h a les 14.00h, passejades amb ponis, al costat de l&#8217;esgl\u00e9sia.<\/p>\n<p><strong>Entrega de premis del concurs de redacci\u00f3 El Caliu a les 11:15 h. <\/strong>Han participat els alumnes de 5\u00e8 i 6\u00e8 de Prim\u00e0ria. La Vila ha participat en el concurs El Caliu. Entrega de premis a la seu de l&#8217;associaci\u00f3<span class=\" UFICommentActorAndBody\"><span data-ft=\"{&quot;tn&quot;:&quot;K&quot;}\"><span class=\"UFICommentBody\">, al costat de l&#8217;esgl\u00e9sia de Santa Eug\u00e8nia en el marc del Sant Joan Florit i Artes\u00e0.<\/span><\/span><\/span><\/p>\n<p>Organitza: Associaci\u00f3 de ve\u00efns de Sant Joan.<\/p>\n<p>M\u00e9s informaci\u00f3 <a href=\"https:\/\/drive.google.com\/file\/d\/1sSdjm0DtzXUxkuyZPp0_paA1QEutu54A\/view?usp=sharing\">Activitats.<\/a> <a href=\"https:\/\/drive.google.com\/file\/d\/17bOXO-DRBXSk-Q-X8OveFhXWrcpEL3zF\/view?usp=sharing\">Pl\u00e0nol Sant Joan Florit<\/a><\/p>\n","protected":false},"excerpt":{"rendered":"<p>Diumenge 5 de maig es celebra a Sant Joan de Palam\u00f3s la diada Sant Joan florit. Carrers engalanats, espectacles i fira d&#8217;artesania<a href=\"https:\/\/agora.xtec.cat\/escolalavilapalamos\/wp-content\/uploads\/usu897\/2019\/05\/Poster-Sant-Joan-Florit-2019.jpg\"><\/a><br \/>\nDe les 10.00h a les 20.00h, feu una passejada pel barri de Sant Joan, llu\u00eft amb catifes i ornaments de flors dels ve\u00efns&hellip;  <a href=\"https:\/\/agora.xtec.cat\/escolalavilapalamos\/general\/sant-joan-florit-i-premis-el-caliu-2019\/\" title=\"Read Sant Joan Florit i Premis El Caliu 2019\">Llegeix m\u00e9s\u00bb<\/a><\/p>\n","protected":false},"author":1,"featured_media":5764,"comment_status":"open","ping_status":"closed","sticky":false,"template":"","format":"standard","meta":{"_bbp_topic_count":0,"_bbp_reply_count":0,"_bbp_total_topic_count":0,"_bbp_total_reply_count":0,"_bbp_voice_count":0,"_bbp_anonymous_reply_count":0,"_bbp_topic_count_hidden":0,"_bbp_reply_count_hidden":0,"_bbp_forum_subforum_count":0,"footnotes":""},"categories":[1,4,5],"tags":[],"class_list":["post-5763","post","type-post","status-publish","format-standard","has-post-thumbnail","hentry","category-general","category-portada","category-primaria"],"post_mailing_queue_ids":[],"_links":{"self":[{"href":"https:\/\/agora.xtec.cat\/escolalavilapalamos\/wp-json\/wp\/v2\/posts\/5763","targetHints":{"allow":["GET"]}}],"collection":[{"href":"https:\/\/agora.xtec.cat\/escolalavilapalamos\/wp-json\/wp\/v2\/posts"}],"about":[{"href":"https:\/\/agora.xtec.cat\/escolalavilapalamos\/wp-json\/wp\/v2\/types\/post"}],"author":[{"embeddable":true,"href":"https:\/\/agora.xtec.cat\/escolalavilapalamos\/wp-json\/wp\/v2\/users\/1"}],"replies":[{"embeddable":true,"href":"https:\/\/agora.xtec.cat\/escolalavilapalamos\/wp-json\/wp\/v2\/comments?post=5763"}],"version-history":[{"count":3,"href":"https:\/\/agora.xtec.cat\/escolalavilapalamos\/wp-json\/wp\/v2\/posts\/5763\/revisions"}],"predecessor-version":[{"id":5767,"href":"https:\/\/agora.xtec.cat\/escolalavilapalamos\/wp-json\/wp\/v2\/posts\/5763\/revisions\/5767"}],"wp:featuredmedia":[{"embeddable":true,"href":"https:\/\/agora.xtec.cat\/escolalavilapalamos\/wp-json\/wp\/v2\/media\/5764"}],"wp:attachment":[{"href":"https:\/\/agora.xtec.cat\/escolalavilapalamos\/wp-json\/wp\/v2\/media?parent=5763"}],"wp:term":[{"taxonomy":"category","embeddable":true,"href":"https:\/\/agora.xtec.cat\/escolalavilapalamos\/wp-json\/wp\/v2\/categories?post=5763"},{"taxonomy":"post_tag","embeddable":true,"href":"https:\/\/agora.xtec.cat\/escolalavilapalamos\/wp-json\/wp\/v2\/tags?post=5763"}],"curies":[{"name":"wp","href":"https:\/\/api.w.org\/{rel}","templated":true}]}}