{"id":5756,"date":"2019-04-29T12:07:07","date_gmt":"2019-04-29T10:07:07","guid":{"rendered":"http:\/\/agora.xtec.cat\/escolalavilapalamos\/?p=5756"},"modified":"2019-04-29T12:11:06","modified_gmt":"2019-04-29T10:11:06","slug":"proves-de-competencies-basiques-de-6e-2","status":"publish","type":"post","link":"https:\/\/agora.xtec.cat\/escolalavilapalamos\/general\/proves-de-competencies-basiques-de-6e-2\/","title":{"rendered":"Proves de compet\u00e8ncies b\u00e0siques de 6\u00e8"},"content":{"rendered":"<p><img loading=\"lazy\" decoding=\"async\" class=\"aligncenter\" src=\"http:\/\/csda.gencat.cat\/.content\/home\/consell_superior_d_avalua\/arees_d_actuacio\/avaluacions-consell\/avaluacio-sise-primaria\/6primaria.jpg\" width=\"400\" height=\"110\" \/><\/p>\n<p>Cada curs escolar els alumnes de 6\u00e8 de prim\u00e0ria de tots els centres de Catalunya fan unes proves de compet\u00e8ncies b\u00e0siques.\u00a0<strong>El dimarts 7, dimecres 8 i dijous 9 de maig<\/strong> al mat\u00ed, els nostres nois i noies de 6\u00e8 faran les proves.<\/p>\n<p>Les proves es fan en cinc sessions, dues el mat\u00ed del dimarts, una el dimecres i dues el dijous.<\/p>\n<ul>\n<li>El dimarts 7 de maig: llengua catalana i angl\u00e8s.<\/li>\n<li>El dimecres 8 de maig: coneixement del medi natural<\/li>\n<li>El dijous 9 de maig: matem\u00e0tiques i llengua castellana<\/li>\n<\/ul>\n<p>Cada sessi\u00f3 t\u00e9 una durada de 60 minuts, excepte la d&#8217;angl\u00e8s que \u00e9s de 75 minuts. M\u00e9s informaci\u00f3 a la web del\u00a0<a href=\"http:\/\/csda.gencat.cat\/ca\/arees_d_actuacio\/avaluacions-consell\/avaluacio-sise-primaria\/prova_2019\/\">Departament d&#8217;Ensenyament.<\/a><\/p>\n","protected":false},"excerpt":{"rendered":"<p>Cada curs escolar els alumnes de 6\u00e8 de prim\u00e0ria de tots els centres de Catalunya fan unes proves de compet\u00e8ncies b\u00e0siques.\u00a0El dimarts 7, dimecres 8 i dijous 9 de maig al mat\u00ed, els nostres nois i noies de 6\u00e8 faran les proves.<br \/>\nLes proves es fan&hellip;  <a href=\"https:\/\/agora.xtec.cat\/escolalavilapalamos\/general\/proves-de-competencies-basiques-de-6e-2\/\" title=\"Read Proves de compet\u00e8ncies b\u00e0siques de 6\u00e8\">Llegeix m\u00e9s\u00bb<\/a><\/p>\n","protected":false},"author":1,"featured_media":5757,"comment_status":"open","ping_status":"closed","sticky":false,"template":"","format":"standard","meta":{"_bbp_topic_count":0,"_bbp_reply_count":0,"_bbp_total_topic_count":0,"_bbp_total_reply_count":0,"_bbp_voice_count":0,"_bbp_anonymous_reply_count":0,"_bbp_topic_count_hidden":0,"_bbp_reply_count_hidden":0,"_bbp_forum_subforum_count":0,"footnotes":""},"categories":[128,1,4,5],"tags":[],"class_list":["post-5756","post","type-post","status-publish","format-standard","has-post-thumbnail","hentry","category-comunitat-de-grans","category-general","category-portada","category-primaria"],"post_mailing_queue_ids":[],"_links":{"self":[{"href":"https:\/\/agora.xtec.cat\/escolalavilapalamos\/wp-json\/wp\/v2\/posts\/5756","targetHints":{"allow":["GET"]}}],"collection":[{"href":"https:\/\/agora.xtec.cat\/escolalavilapalamos\/wp-json\/wp\/v2\/posts"}],"about":[{"href":"https:\/\/agora.xtec.cat\/escolalavilapalamos\/wp-json\/wp\/v2\/types\/post"}],"author":[{"embeddable":true,"href":"https:\/\/agora.xtec.cat\/escolalavilapalamos\/wp-json\/wp\/v2\/users\/1"}],"replies":[{"embeddable":true,"href":"https:\/\/agora.xtec.cat\/escolalavilapalamos\/wp-json\/wp\/v2\/comments?post=5756"}],"version-history":[{"count":3,"href":"https:\/\/agora.xtec.cat\/escolalavilapalamos\/wp-json\/wp\/v2\/posts\/5756\/revisions"}],"predecessor-version":[{"id":5760,"href":"https:\/\/agora.xtec.cat\/escolalavilapalamos\/wp-json\/wp\/v2\/posts\/5756\/revisions\/5760"}],"wp:featuredmedia":[{"embeddable":true,"href":"https:\/\/agora.xtec.cat\/escolalavilapalamos\/wp-json\/wp\/v2\/media\/5757"}],"wp:attachment":[{"href":"https:\/\/agora.xtec.cat\/escolalavilapalamos\/wp-json\/wp\/v2\/media?parent=5756"}],"wp:term":[{"taxonomy":"category","embeddable":true,"href":"https:\/\/agora.xtec.cat\/escolalavilapalamos\/wp-json\/wp\/v2\/categories?post=5756"},{"taxonomy":"post_tag","embeddable":true,"href":"https:\/\/agora.xtec.cat\/escolalavilapalamos\/wp-json\/wp\/v2\/tags?post=5756"}],"curies":[{"name":"wp","href":"https:\/\/api.w.org\/{rel}","templated":true}]}}