{"id":5745,"date":"2019-04-25T10:42:16","date_gmt":"2019-04-25T08:42:16","guid":{"rendered":"http:\/\/agora.xtec.cat\/escolalavilapalamos\/?p=5745"},"modified":"2019-05-21T16:08:16","modified_gmt":"2019-05-21T14:08:16","slug":"excursio-de-1r-a-castell-daro","status":"publish","type":"post","link":"https:\/\/agora.xtec.cat\/escolalavilapalamos\/general\/excursio-de-1r-a-castell-daro\/","title":{"rendered":"Excursi\u00f3 de 1r a Castell d&#8217;Aro"},"content":{"rendered":"<p><strong><a href=\"https:\/\/agora.xtec.cat\/escolalavilapalamos\/wp-content\/uploads\/usu897\/2019\/04\/Circuit-del-Parc-de-lEstaci\u00f3-68-e1441553236376.jpg\"><img loading=\"lazy\" decoding=\"async\" class=\" wp-image-5746 alignright\" src=\"https:\/\/agora.xtec.cat\/escolalavilapalamos\/wp-content\/uploads\/usu897\/2019\/04\/Circuit-del-Parc-de-lEstaci\u00f3-68-e1441553236376.jpg\" alt=\"\" width=\"347\" height=\"261\" srcset=\"https:\/\/agora.xtec.cat\/escolalavilapalamos\/wp-content\/uploads\/usu897\/2019\/04\/Circuit-del-Parc-de-lEstaci\u00f3-68-e1441553236376.jpg 800w, https:\/\/agora.xtec.cat\/escolalavilapalamos\/wp-content\/uploads\/usu897\/2019\/04\/Circuit-del-Parc-de-lEstaci\u00f3-68-e1441553236376-300x225.jpg 300w, https:\/\/agora.xtec.cat\/escolalavilapalamos\/wp-content\/uploads\/usu897\/2019\/04\/Circuit-del-Parc-de-lEstaci\u00f3-68-e1441553236376-768x576.jpg 768w, https:\/\/agora.xtec.cat\/escolalavilapalamos\/wp-content\/uploads\/usu897\/2019\/04\/Circuit-del-Parc-de-lEstaci\u00f3-68-e1441553236376-200x150.jpg 200w\" sizes=\"auto, (max-width: 347px) 100vw, 347px\" \/><\/a>Dijous 2 de maig<\/strong> els\/les alumnes de 1r anem d&#8217;excursi\u00f3 al trenet de <strong>Castell d&#8217;Aro i a fer una visita al poble.<br \/>\n<\/strong><\/p>\n<p>Sortida i arribada a l&#8217;escola. Cal portar l&#8217;esmorzar, dinar i beguda ( en env\u00e0s que no sigui de vidre), el xandall de l&#8217;escola i cal\u00e7at c\u00f2mode.<\/p>\n<p>Cal portar signada <a href=\"https:\/\/drive.google.com\/file\/d\/1QzC6vOUYxXMRZfqjOJphFw5B1rYIjHWN\/view?usp=sharing\">l&#8217;autoritzaci\u00f3 de l&#8217;excursi\u00f3<\/a> abans de dimarts 30 d&#8217;abril.<\/p>\n<p><em><strong>L\u2019 Associaci\u00f3 el trenet de la Vall d\u2019Aro<\/strong><\/em>\u00a0\u00e9s l&#8217;associaci\u00f3 que gestiona el trenet. Es troba a l&#8217;antiga estaci\u00f3 de tren de Castell d&#8217;Aro. Proposa un circu\u00eft ferroviari al voltant de l&#8217;estaci\u00f3. El circuit ferroviari va ser inaugurat el 9 de desembre de 1995 i est\u00e0 ubicat a la vila de\u00a0<em>Castell d\u2019Aro, al \u201cParc de l\u2019estaci\u00f3 s\/n\u201d,<\/em>\u00a0on estava situada l\u2019antiga estaci\u00f3 del ferrocarril\u00a0<em><strong>\u201cel Carrilet o Feliuet\u201d<\/strong><\/em>\u00a0que feia el trajecte Sant Feliu de Gu\u00edxols \u2013 Girona.<\/p>\n<p>M\u00e9s informaci\u00f3 a la web <a href=\"http:\/\/www.eltrenetdelavalldaro.cat\/\">El trenet de la Vall d&#8217;Aro<\/a><\/p>\n<p><a href=\"https:\/\/www.google.com\/maps\/d\/viewer?msa=0&amp;mid=1qorfSwhHQi45GfAdkaRy6Mkl3SQ&amp;ll=41.81372938385224%2C3.0317963172012696&amp;z=18\">Cliqueu aqu\u00ed\u00a0<\/a>per veure on anem d&#8217;excursi\u00f3<\/p>\n<p><iframe loading=\"lazy\" src=\"\/\/www.youtube.com\/embed\/tLKu6MZnMkY\" width=\"560\" height=\"314\" allowfullscreen=\"allowfullscreen\"><\/iframe><\/p>\n<div class=\"addtoany_share_save_container addtoany_content_bottom\">\n<div class=\"a2a_kit a2a_kit_size_25 addtoany_list\"><\/div>\n<\/div>\n","protected":false},"excerpt":{"rendered":"<p><a href=\"https:\/\/agora.xtec.cat\/escolalavilapalamos\/wp-content\/uploads\/usu897\/2019\/04\/Circuit-del-Parc-de-lEstaci\u00f3-68-e1441553236376.jpg\"><\/a>Dijous 2 de maig els\/les alumnes de 1r anem d&#8217;excursi\u00f3 al trenet de Castell d&#8217;Aro i a fer una visita al poble.<\/p>\n<p>Sortida i arribada a l&#8217;escola. Cal portar l&#8217;esmorzar, dinar i beguda ( en env\u00e0s que no sigui de vidre), el xandall de l&#8217;escola&hellip;  <a href=\"https:\/\/agora.xtec.cat\/escolalavilapalamos\/general\/excursio-de-1r-a-castell-daro\/\" title=\"Read Excursi\u00f3 de 1r a Castell d&#8217;Aro\">Llegeix m\u00e9s\u00bb<\/a><\/p>\n","protected":false},"author":1,"featured_media":5746,"comment_status":"open","ping_status":"closed","sticky":false,"template":"","format":"standard","meta":{"_bbp_topic_count":0,"_bbp_reply_count":0,"_bbp_total_topic_count":0,"_bbp_total_reply_count":0,"_bbp_voice_count":0,"_bbp_anonymous_reply_count":0,"_bbp_topic_count_hidden":0,"_bbp_reply_count_hidden":0,"_bbp_forum_subforum_count":0,"footnotes":""},"categories":[127,1,4,5],"tags":[],"class_list":["post-5745","post","type-post","status-publish","format-standard","has-post-thumbnail","hentry","category-comunitat-de-mitjans","category-general","category-portada","category-primaria"],"post_mailing_queue_ids":[],"_links":{"self":[{"href":"https:\/\/agora.xtec.cat\/escolalavilapalamos\/wp-json\/wp\/v2\/posts\/5745","targetHints":{"allow":["GET"]}}],"collection":[{"href":"https:\/\/agora.xtec.cat\/escolalavilapalamos\/wp-json\/wp\/v2\/posts"}],"about":[{"href":"https:\/\/agora.xtec.cat\/escolalavilapalamos\/wp-json\/wp\/v2\/types\/post"}],"author":[{"embeddable":true,"href":"https:\/\/agora.xtec.cat\/escolalavilapalamos\/wp-json\/wp\/v2\/users\/1"}],"replies":[{"embeddable":true,"href":"https:\/\/agora.xtec.cat\/escolalavilapalamos\/wp-json\/wp\/v2\/comments?post=5745"}],"version-history":[{"count":3,"href":"https:\/\/agora.xtec.cat\/escolalavilapalamos\/wp-json\/wp\/v2\/posts\/5745\/revisions"}],"predecessor-version":[{"id":5925,"href":"https:\/\/agora.xtec.cat\/escolalavilapalamos\/wp-json\/wp\/v2\/posts\/5745\/revisions\/5925"}],"wp:featuredmedia":[{"embeddable":true,"href":"https:\/\/agora.xtec.cat\/escolalavilapalamos\/wp-json\/wp\/v2\/media\/5746"}],"wp:attachment":[{"href":"https:\/\/agora.xtec.cat\/escolalavilapalamos\/wp-json\/wp\/v2\/media?parent=5745"}],"wp:term":[{"taxonomy":"category","embeddable":true,"href":"https:\/\/agora.xtec.cat\/escolalavilapalamos\/wp-json\/wp\/v2\/categories?post=5745"},{"taxonomy":"post_tag","embeddable":true,"href":"https:\/\/agora.xtec.cat\/escolalavilapalamos\/wp-json\/wp\/v2\/tags?post=5745"}],"curies":[{"name":"wp","href":"https:\/\/api.w.org\/{rel}","templated":true}]}}