{"id":5710,"date":"2019-04-05T18:52:48","date_gmt":"2019-04-05T16:52:48","guid":{"rendered":"http:\/\/agora.xtec.cat\/escolalavilapalamos\/?p=5710"},"modified":"2019-04-08T09:02:07","modified_gmt":"2019-04-08T07:02:07","slug":"250-anys-de-lhospital-de-palamos","status":"publish","type":"post","link":"https:\/\/agora.xtec.cat\/escolalavilapalamos\/general\/250-anys-de-lhospital-de-palamos\/","title":{"rendered":"250 anys de l&#8217;Hospital de Palam\u00f3s"},"content":{"rendered":"<p>Aquest any es celebren\u00a0<strong> 250 anys de l&#8217;Hospital de Palam\u00f3s<\/strong>. <a href=\"https:\/\/agora.xtec.cat\/escolalavilapalamos\/wp-content\/uploads\/usu897\/2019\/04\/250HP_1543493054_w600.png\"><img loading=\"lazy\" decoding=\"async\" class=\" wp-image-5712 alignright\" src=\"https:\/\/agora.xtec.cat\/escolalavilapalamos\/wp-content\/uploads\/usu897\/2019\/04\/250HP_1543493054_w600.png\" alt=\"\" width=\"473\" height=\"172\" srcset=\"https:\/\/agora.xtec.cat\/escolalavilapalamos\/wp-content\/uploads\/usu897\/2019\/04\/250HP_1543493054_w600.png 600w, https:\/\/agora.xtec.cat\/escolalavilapalamos\/wp-content\/uploads\/usu897\/2019\/04\/250HP_1543493054_w600-300x109.png 300w\" sizes=\"auto, (max-width: 473px) 100vw, 473px\" \/><\/a><\/p>\n<p>Els Serveis de Salut Integrats Baix Empord\u00e0 realitzen un conjunt d&#8217;activitats per commemorar els 250 anys de l\u2019Hospital de Palam\u00f3s, l\u2019hospital comarcal del Baix Empord\u00e0. En concret se celebren els 250 anys (1768-2018) de l\u2019obertura del testament del Mn. Miquel Costa, qui el seu llegat va permetre la creaci\u00f3 de la Fundaci\u00f3 Mn. Miquel Costa, actual Fundaci\u00f3 Hospital de Palam\u00f3s. La Campanya pret\u00e9n commemorar la seva hist\u00f2ria en la qual es preveu l\u2019edici\u00f3 d\u2019un llibre i activitats diverses, especialment a les escoles i instituts.<\/p>\n<p><strong>Del dilluns 8 al dimecres 10 d&#8217;abril vindran responsables de l&#8217;Hospital a la comunitat de grans<\/strong> per donar a con\u00e8ixer la hist\u00f2ria, el funcionament i el que significa l\u2019hospital per a la comarca als nens\/es de l&#8217;escola, i per altra banda captar la visi\u00f3 de futur que tenen els m\u00e9s petits sobre els hospitals.<\/p>\n","protected":false},"excerpt":{"rendered":"<p>Aquest any es celebren\u00a0 250 anys de l&#8217;Hospital de Palam\u00f3s. <a href=\"https:\/\/agora.xtec.cat\/escolalavilapalamos\/wp-content\/uploads\/usu897\/2019\/04\/250HP_1543493054_w600.png\"><\/a><br \/>\nEls Serveis de Salut Integrats Baix Empord\u00e0 realitzen un conjunt d&#8217;activitats per commemorar els 250 anys de l\u2019Hospital de Palam\u00f3s, l\u2019hospital comarcal del Baix Empord\u00e0. En concret se celebren els 250 anys (1768-2018) de&hellip;  <a href=\"https:\/\/agora.xtec.cat\/escolalavilapalamos\/general\/250-anys-de-lhospital-de-palamos\/\" title=\"Read 250 anys de l&#8217;Hospital de Palam\u00f3s\">Llegeix m\u00e9s\u00bb<\/a><\/p>\n","protected":false},"author":1,"featured_media":5712,"comment_status":"open","ping_status":"closed","sticky":false,"template":"","format":"standard","meta":{"_bbp_topic_count":0,"_bbp_reply_count":0,"_bbp_total_topic_count":0,"_bbp_total_reply_count":0,"_bbp_voice_count":0,"_bbp_anonymous_reply_count":0,"_bbp_topic_count_hidden":0,"_bbp_reply_count_hidden":0,"_bbp_forum_subforum_count":0,"footnotes":""},"categories":[128,1,4,5],"tags":[],"class_list":["post-5710","post","type-post","status-publish","format-standard","has-post-thumbnail","hentry","category-comunitat-de-grans","category-general","category-portada","category-primaria"],"post_mailing_queue_ids":[],"_links":{"self":[{"href":"https:\/\/agora.xtec.cat\/escolalavilapalamos\/wp-json\/wp\/v2\/posts\/5710","targetHints":{"allow":["GET"]}}],"collection":[{"href":"https:\/\/agora.xtec.cat\/escolalavilapalamos\/wp-json\/wp\/v2\/posts"}],"about":[{"href":"https:\/\/agora.xtec.cat\/escolalavilapalamos\/wp-json\/wp\/v2\/types\/post"}],"author":[{"embeddable":true,"href":"https:\/\/agora.xtec.cat\/escolalavilapalamos\/wp-json\/wp\/v2\/users\/1"}],"replies":[{"embeddable":true,"href":"https:\/\/agora.xtec.cat\/escolalavilapalamos\/wp-json\/wp\/v2\/comments?post=5710"}],"version-history":[{"count":1,"href":"https:\/\/agora.xtec.cat\/escolalavilapalamos\/wp-json\/wp\/v2\/posts\/5710\/revisions"}],"predecessor-version":[{"id":5713,"href":"https:\/\/agora.xtec.cat\/escolalavilapalamos\/wp-json\/wp\/v2\/posts\/5710\/revisions\/5713"}],"wp:featuredmedia":[{"embeddable":true,"href":"https:\/\/agora.xtec.cat\/escolalavilapalamos\/wp-json\/wp\/v2\/media\/5712"}],"wp:attachment":[{"href":"https:\/\/agora.xtec.cat\/escolalavilapalamos\/wp-json\/wp\/v2\/media?parent=5710"}],"wp:term":[{"taxonomy":"category","embeddable":true,"href":"https:\/\/agora.xtec.cat\/escolalavilapalamos\/wp-json\/wp\/v2\/categories?post=5710"},{"taxonomy":"post_tag","embeddable":true,"href":"https:\/\/agora.xtec.cat\/escolalavilapalamos\/wp-json\/wp\/v2\/tags?post=5710"}],"curies":[{"name":"wp","href":"https:\/\/api.w.org\/{rel}","templated":true}]}}