{"id":5661,"date":"2019-04-03T11:31:59","date_gmt":"2019-04-03T09:31:59","guid":{"rendered":"http:\/\/agora.xtec.cat\/escolalavilapalamos\/?p=5661"},"modified":"2019-04-03T11:31:59","modified_gmt":"2019-04-03T09:31:59","slug":"els-nens-de-6e-a-cap-gros","status":"publish","type":"post","link":"https:\/\/agora.xtec.cat\/escolalavilapalamos\/general\/els-nens-de-6e-a-cap-gros\/","title":{"rendered":"Excursi\u00f3 de 6\u00e8 a Cap Gros"},"content":{"rendered":"<h4>Reporters La Vila<\/h4>\n<p><strong>Dijous 4 d&#8217;abril<\/strong> al mat\u00ed els alumnes de 6\u00e8 visiten l\u2019entorn natural de\u00a0<strong>Cap Gros\u00a0(Palam\u00f3s)<\/strong>.<\/p>\n<p>Cap Gros el podr\u00edem qualificar com\u00a0<em>El mirador de Palam\u00f3s<\/em>, ja que les vistes des d\u2019aquest punt s\u00f3n magn\u00edfiques. Aquesta muntanya conserva uns indrets naturals de gran bellesa, tant pel que fa a flora i la fauna, com per l\u2019inter\u00e8s, des del punt de vista geol\u00f2gic, que tenen les seves formacions rocoses.<img loading=\"lazy\" decoding=\"async\" class=\"alignright\" src=\"https:\/\/agora.xtec.cat\/escolalavilapalamos\/wp-content\/uploads\/usu897\/2017\/05\/p1120712z_1.0x380.jpg\" width=\"428\" height=\"197\" \/><\/p>\n<p>Una altra caracter\u00edstica de Cap Gros s\u00f3n les abundants pites o atzavares, que poblen els seus penyassegats, sobretot al sector m\u00e9s proper a Cala Margarida.<br \/>\nLes pites o atzavares (\u00e0gave americana), s\u00f3n unes plantes que no es troben all\u00ed per casualitat, sin\u00f3 que antigament de les seves fibres es feien unes cordes i caps d\u2019embarcacions molt ressistents.<\/p>\n<p>Podeu con\u00e8ixer una mica m\u00e9s sobre Cap Gros\u00a0<a href=\"http:\/\/tempspalamos.blogspot.com.es\/2009\/05\/una-caminada-per-cala-margarida-i-cap.html\">aqu\u00ed<\/a><\/p>\n<p><a href=\"https:\/\/www.google.es\/maps\/place\/Carrer+Cap+Gros,+17230+Palam%C3%B3s,+Girona\/@41.8514843,3.1377984,965m\/data=!3m1!1e3!4m5!3m4!1s0x12bbab1e9f731b4b:0x50b1d820d8838e04!8m2!3d41.8519742!4d3.141351\">Cliqueu aqu\u00ed<\/a>\u00a0per veure on \u00e9s Cap gros<\/p>\n<div class=\"addtoany_share_save_container addtoany_content_bottom\">\n<div class=\"a2a_kit a2a_kit_size_25 addtoany_list\"><\/div>\n<\/div>\n","protected":false},"excerpt":{"rendered":"<p>Reporters La Vila<br \/>\nDijous 4 d&#8217;abril al mat\u00ed els alumnes de 6\u00e8 visiten l\u2019entorn natural de\u00a0Cap Gros\u00a0(Palam\u00f3s).<br \/>\nCap Gros el podr\u00edem qualificar com\u00a0El mirador de Palam\u00f3s, ja que les vistes des d\u2019aquest punt s\u00f3n magn\u00edfiques. Aquesta muntanya conserva uns indrets naturals de gran bellesa, tant pel que&hellip;  <a href=\"https:\/\/agora.xtec.cat\/escolalavilapalamos\/general\/els-nens-de-6e-a-cap-gros\/\" title=\"Read Excursi\u00f3 de 6\u00e8 a Cap Gros\">Llegeix m\u00e9s\u00bb<\/a><\/p>\n","protected":false},"author":171,"featured_media":5682,"comment_status":"open","ping_status":"closed","sticky":false,"template":"","format":"standard","meta":{"_bbp_topic_count":0,"_bbp_reply_count":0,"_bbp_total_topic_count":0,"_bbp_total_reply_count":0,"_bbp_voice_count":0,"_bbp_anonymous_reply_count":0,"_bbp_topic_count_hidden":0,"_bbp_reply_count_hidden":0,"_bbp_forum_subforum_count":0,"footnotes":""},"categories":[128,1,4,5],"tags":[],"class_list":["post-5661","post","type-post","status-publish","format-standard","has-post-thumbnail","hentry","category-comunitat-de-grans","category-general","category-portada","category-primaria"],"post_mailing_queue_ids":[],"_links":{"self":[{"href":"https:\/\/agora.xtec.cat\/escolalavilapalamos\/wp-json\/wp\/v2\/posts\/5661","targetHints":{"allow":["GET"]}}],"collection":[{"href":"https:\/\/agora.xtec.cat\/escolalavilapalamos\/wp-json\/wp\/v2\/posts"}],"about":[{"href":"https:\/\/agora.xtec.cat\/escolalavilapalamos\/wp-json\/wp\/v2\/types\/post"}],"author":[{"embeddable":true,"href":"https:\/\/agora.xtec.cat\/escolalavilapalamos\/wp-json\/wp\/v2\/users\/171"}],"replies":[{"embeddable":true,"href":"https:\/\/agora.xtec.cat\/escolalavilapalamos\/wp-json\/wp\/v2\/comments?post=5661"}],"version-history":[{"count":3,"href":"https:\/\/agora.xtec.cat\/escolalavilapalamos\/wp-json\/wp\/v2\/posts\/5661\/revisions"}],"predecessor-version":[{"id":5683,"href":"https:\/\/agora.xtec.cat\/escolalavilapalamos\/wp-json\/wp\/v2\/posts\/5661\/revisions\/5683"}],"wp:featuredmedia":[{"embeddable":true,"href":"https:\/\/agora.xtec.cat\/escolalavilapalamos\/wp-json\/wp\/v2\/media\/5682"}],"wp:attachment":[{"href":"https:\/\/agora.xtec.cat\/escolalavilapalamos\/wp-json\/wp\/v2\/media?parent=5661"}],"wp:term":[{"taxonomy":"category","embeddable":true,"href":"https:\/\/agora.xtec.cat\/escolalavilapalamos\/wp-json\/wp\/v2\/categories?post=5661"},{"taxonomy":"post_tag","embeddable":true,"href":"https:\/\/agora.xtec.cat\/escolalavilapalamos\/wp-json\/wp\/v2\/tags?post=5661"}],"curies":[{"name":"wp","href":"https:\/\/api.w.org\/{rel}","templated":true}]}}